{"id":116113,"date":"2017-06-13T13:59:17","date_gmt":"2017-06-13T10:59:17","guid":{"rendered":"http:\/\/www.sana.sy\/tr\/?p=116113"},"modified":"2017-06-14T15:13:10","modified_gmt":"2017-06-14T12:13:10","slug":"heykeltiras-ve-ressamlar-harikalar-yaratiyor","status":"publish","type":"post","link":"https:\/\/archive.sana.sy\/tr\/?p=116113","title":{"rendered":"Heykelt\u0131ra\u015f ve Ressamlar Harikalar Yarat\u0131yor"},"content":{"rendered":"<p>LAZK\u0130YE \u2013 Lazkiye\u2019de d\u00fczenlenen Bar\u0131\u015f ve Sevgi Heykelt\u0131ra\u015f\u00e7\u0131l\u0131k ve Ya\u011fl\u0131 Boya Forumuna muhtelif illerden kat\u0131lan 30\u2019a yak\u0131n heykelt\u0131ra\u015f ve ressam eserleri ve sanatlar\u0131yla harikalar yaratmaya devam ediyor.<\/p>\n<p>Turizm Bakanl\u0131\u011f\u0131n\u0131n Lazkiye Kentindeki Emira Otelinde 20 Haziran tarihine dek organize etti\u011fi ve yarat\u0131lan eserlerin sat\u0131l\u0131p paras\u0131n\u0131n \u015fehit aileleri ve yaral\u0131 gazilerimize destek ama\u00e7l\u0131 da\u011f\u0131t\u0131laca\u011f\u0131 forum kat\u0131l\u0131mc\u0131lar\u0131, Lazkiye\u2019de bu gibi sanatsal \u00e7al\u0131\u015fmalar i\u00e7in temin edilen uygun ortam\u0131n sanatsal duygular\u0131n\u0131 depre\u015ftirdi\u011fini ifade etti.<\/p>\n<p>Kat\u0131l\u0131mc\u0131 heykelt\u0131ra\u015flar zeytin a\u011fac\u0131ndan ah\u015faplar\u0131 h\u00fcner ve sanatlar\u0131yla konu\u015ftururlarken, ressamlar da ya\u011fl\u0131 resim tablolar\u0131nda \u015faheserler yarat\u0131yor.<\/p>\n<div id='gallery-1' class='gallery galleryid-116113 gallery-columns-2 gallery-size-thumbnail'><figure class='gallery-item'>\n\t\t\t<div class='gallery-icon landscape'>\n\t\t\t\t<a href='https:\/\/archive.sana.sy\/tr\/wp-content\/uploads\/2017\/06\/3-36.jpg'><img loading=\"lazy\" decoding=\"async\" width=\"150\" height=\"75\" src=\"https:\/\/archive.sana.sy\/tr\/wp-content\/uploads\/2017\/06\/3-36-150x75.jpg\" class=\"attachment-thumbnail size-thumbnail\" alt=\"\" srcset=\"https:\/\/archive.sana.sy\/tr\/wp-content\/uploads\/2017\/06\/3-36-150x75.jpg 150w, https:\/\/archive.sana.sy\/tr\/wp-content\/uploads\/2017\/06\/3-36-300x150.jpg 300w, https:\/\/archive.sana.sy\/tr\/wp-content\/uploads\/2017\/06\/3-36.jpg 660w\" sizes=\"auto, (max-width: 150px) 100vw, 150px\" \/><\/a>\n\t\t\t<\/div><\/figure><figure class='gallery-item'>\n\t\t\t<div class='gallery-icon landscape'>\n\t\t\t\t<a href='https:\/\/archive.sana.sy\/tr\/wp-content\/uploads\/2017\/06\/2-46.jpg'><img loading=\"lazy\" decoding=\"async\" width=\"150\" height=\"94\" src=\"https:\/\/archive.sana.sy\/tr\/wp-content\/uploads\/2017\/06\/2-46-150x94.jpg\" class=\"attachment-thumbnail size-thumbnail\" alt=\"\" srcset=\"https:\/\/archive.sana.sy\/tr\/wp-content\/uploads\/2017\/06\/2-46-150x94.jpg 150w, https:\/\/archive.sana.sy\/tr\/wp-content\/uploads\/2017\/06\/2-46-300x188.jpg 300w, https:\/\/archive.sana.sy\/tr\/wp-content\/uploads\/2017\/06\/2-46.jpg 660w\" sizes=\"auto, (max-width: 150px) 100vw, 150px\" \/><\/a>\n\t\t\t<\/div><\/figure>\n\t\t<\/div>\n\n","protected":false},"excerpt":{"rendered":"<p>LAZK\u0130YE \u2013 Lazkiye\u2019de d\u00fczenlenen Bar\u0131\u015f ve Sevgi Heykelt\u0131ra\u015f\u00e7\u0131l\u0131k ve Ya\u011fl\u0131 Boya Forumuna muhtelif illerden kat\u0131lan 30\u2019a yak\u0131n heykelt\u0131ra\u015f ve ressam eserleri ve sanatlar\u0131yla harikalar yaratmaya devam ediyor. Turizm Bakanl\u0131\u011f\u0131n\u0131n Lazkiye Kentindeki Emira Otelinde 20 Haziran tarihine dek organize etti\u011fi ve yarat\u0131lan eserlerin sat\u0131l\u0131p paras\u0131n\u0131n \u015fehit aileleri ve yaral\u0131 gazilerimize destek ama\u00e7l\u0131 da\u011f\u0131t\u0131laca\u011f\u0131 forum kat\u0131l\u0131mc\u0131lar\u0131, Lazkiye\u2019de &hellip;<\/p>\n","protected":false},"author":1,"featured_media":116115,"comment_status":"closed","ping_status":"closed","sticky":false,"template":"","format":"standard","meta":{"footnotes":""},"categories":[526,516,511,17988,525],"tags":[],"class_list":["post-116113","post","type-post","status-publish","format-standard","has-post-thumbnail","","category-haber-ve-raporlar","category-haberler-kultur-ve-sanat","category-kultur-ve-sanat","category-son-haberler","category-toplum"],"_links":{"self":[{"href":"https:\/\/archive.sana.sy\/tr\/index.php?rest_route=\/wp\/v2\/posts\/116113","targetHints":{"allow":["GET"]}}],"collection":[{"href":"https:\/\/archive.sana.sy\/tr\/index.php?rest_route=\/wp\/v2\/posts"}],"about":[{"href":"https:\/\/archive.sana.sy\/tr\/index.php?rest_route=\/wp\/v2\/types\/post"}],"author":[{"embeddable":true,"href":"https:\/\/archive.sana.sy\/tr\/index.php?rest_route=\/wp\/v2\/users\/1"}],"replies":[{"embeddable":true,"href":"https:\/\/archive.sana.sy\/tr\/index.php?rest_route=%2Fwp%2Fv2%2Fcomments&post=116113"}],"version-history":[{"count":0,"href":"https:\/\/archive.sana.sy\/tr\/index.php?rest_route=\/wp\/v2\/posts\/116113\/revisions"}],"wp:featuredmedia":[{"embeddable":true,"href":"https:\/\/archive.sana.sy\/tr\/index.php?rest_route=\/wp\/v2\/media\/116115"}],"wp:attachment":[{"href":"https:\/\/archive.sana.sy\/tr\/index.php?rest_route=%2Fwp%2Fv2%2Fmedia&parent=116113"}],"wp:term":[{"taxonomy":"category","embeddable":true,"href":"https:\/\/archive.sana.sy\/tr\/index.php?rest_route=%2Fwp%2Fv2%2Fcategories&post=116113"},{"taxonomy":"post_tag","embeddable":true,"href":"https:\/\/archive.sana.sy\/tr\/index.php?rest_route=%2Fwp%2Fv2%2Ftags&post=116113"}],"curies":[{"name":"wp","href":"https:\/\/api.w.org\/{rel}","templated":true}]}}