{"id":116114,"date":"2017-06-13T10:48:44","date_gmt":"2017-06-13T07:48:44","guid":{"rendered":"http:\/\/www.sana.sy\/tr\/?p=116114"},"modified":"2017-06-14T15:15:43","modified_gmt":"2017-06-14T12:15:43","slug":"terorun-yayilmasiyla-artan-uyusturucuyla-mucadele-devam-ediyor","status":"publish","type":"post","link":"https:\/\/archive.sana.sy\/tr\/?p=116114","title":{"rendered":"Ter\u00f6r\u00fcn Yay\u0131lmas\u0131yla Artan Uyu\u015fturucuyla M\u00fccadele Devam Ediyor"},"content":{"rendered":"<p>\u015eAM \u2013 Belli ba\u015fl\u0131 devletlerin Suriye ve halk\u0131na y\u00f6nelik muhtelif y\u00f6nl\u00fc sava\u015fta edat olarak kulland\u0131klar\u0131 ter\u00f6r saflar\u0131nda uyu\u015fturucu kullan\u0131m\u0131n\u0131n artmas\u0131yla kriz \u00f6ncesinde uyu\u015fturucu kullan\u0131m\u0131n\u0131n d\u00fcnya \u00fclkeleri aras\u0131nda en az oldu\u011fu Suriye&#8217;de uyu\u015fturucuyla m\u00fccadele devam ediyor.<\/p>\n<p>\u0130\u00e7i\u015fleri Bakanl\u0131\u011f\u0131nda yetkili bir kaynak SANA\u2019ya a\u00e7\u0131klamalar\u0131nda; uyu\u015fturucuyla m\u00fccadele ekiplerinin bug\u00fcn takip ard\u0131ndan bir arac\u0131 \u00e7evirdiklerini belirtti. Kaynak arac\u0131n tefti\u015fe al\u0131nmas\u0131yla 10 kg esrar bulunmas\u0131 \u00fczerine ara\u00e7ta bulunan uyu\u015fturucu kuryesinin tutukland\u0131\u011f\u0131n\u0131 aktard\u0131.<\/p>\n<p>Uyu\u015fturucuyla m\u00fccadele ekipleri 27 Mart tarihinde havzalar\u0131nda 40 kg esrar\u0131n yan\u0131 s\u0131ra 10 bin adet cabtagon hap\u0131 ele ge\u00e7irilen iki ki\u015fiyi tutuklam\u0131\u015flard\u0131.<\/p>\n","protected":false},"excerpt":{"rendered":"<p>\u015eAM \u2013 Belli ba\u015fl\u0131 devletlerin Suriye ve halk\u0131na y\u00f6nelik muhtelif y\u00f6nl\u00fc sava\u015fta edat olarak kulland\u0131klar\u0131 ter\u00f6r saflar\u0131nda uyu\u015fturucu kullan\u0131m\u0131n\u0131n artmas\u0131yla kriz \u00f6ncesinde uyu\u015fturucu kullan\u0131m\u0131n\u0131n d\u00fcnya \u00fclkeleri aras\u0131nda en az oldu\u011fu Suriye&#8217;de uyu\u015fturucuyla m\u00fccadele devam ediyor. \u0130\u00e7i\u015fleri Bakanl\u0131\u011f\u0131nda yetkili bir kaynak SANA\u2019ya a\u00e7\u0131klamalar\u0131nda; uyu\u015fturucuyla m\u00fccadele ekiplerinin bug\u00fcn takip ard\u0131ndan bir arac\u0131 \u00e7evirdiklerini belirtti. Kaynak arac\u0131n tefti\u015fe &hellip;<\/p>\n","protected":false},"author":1,"featured_media":116120,"comment_status":"closed","ping_status":"closed","sticky":false,"template":"","format":"standard","meta":{"footnotes":""},"categories":[479,17988,478],"tags":[18270,7190,16591,19034,22181,29928,18689,17039,26293],"class_list":["post-116114","post","type-post","status-publish","format-standard","has-post-thumbnail","","category-haberler-yerel","category-son-haberler","category-yerel","tag-esrar","tag-icisleri-bakanligi","tag-suriye","tag-suriyeli-muhalifler","tag-suriyeliler","tag-teror-ve-uyusturucu","tag-uyusturucu","tag-uyusturucuyla-mucadele","tag-uyusturucuyla-mucadele-ekipleri"],"_links":{"self":[{"href":"https:\/\/archive.sana.sy\/tr\/index.php?rest_route=\/wp\/v2\/posts\/116114","targetHints":{"allow":["GET"]}}],"collection":[{"href":"https:\/\/archive.sana.sy\/tr\/index.php?rest_route=\/wp\/v2\/posts"}],"about":[{"href":"https:\/\/archive.sana.sy\/tr\/index.php?rest_route=\/wp\/v2\/types\/post"}],"author":[{"embeddable":true,"href":"https:\/\/archive.sana.sy\/tr\/index.php?rest_route=\/wp\/v2\/users\/1"}],"replies":[{"embeddable":true,"href":"https:\/\/archive.sana.sy\/tr\/index.php?rest_route=%2Fwp%2Fv2%2Fcomments&post=116114"}],"version-history":[{"count":0,"href":"https:\/\/archive.sana.sy\/tr\/index.php?rest_route=\/wp\/v2\/posts\/116114\/revisions"}],"wp:featuredmedia":[{"embeddable":true,"href":"https:\/\/archive.sana.sy\/tr\/index.php?rest_route=\/wp\/v2\/media\/116120"}],"wp:attachment":[{"href":"https:\/\/archive.sana.sy\/tr\/index.php?rest_route=%2Fwp%2Fv2%2Fmedia&parent=116114"}],"wp:term":[{"taxonomy":"category","embeddable":true,"href":"https:\/\/archive.sana.sy\/tr\/index.php?rest_route=%2Fwp%2Fv2%2Fcategories&post=116114"},{"taxonomy":"post_tag","embeddable":true,"href":"https:\/\/archive.sana.sy\/tr\/index.php?rest_route=%2Fwp%2Fv2%2Ftags&post=116114"}],"curies":[{"name":"wp","href":"https:\/\/api.w.org\/{rel}","templated":true}]}}