{"id":116123,"date":"2017-06-13T11:15:09","date_gmt":"2017-06-13T08:15:09","guid":{"rendered":"http:\/\/www.sana.sy\/tr\/?p=116123"},"modified":"2017-06-14T13:13:23","modified_gmt":"2017-06-14T10:13:23","slug":"gumruk-vergileri-p-dusuruldu","status":"publish","type":"post","link":"https:\/\/archive.sana.sy\/tr\/?p=116123","title":{"rendered":"G\u00fcmr\u00fck Vergileri %50 D\u00fc\u015f\u00fcr\u00fcld\u00fc"},"content":{"rendered":"<p>\u015eAM \u2013 Cumhurba\u015fkan\u0131 Be\u015f\u015far el Esad bug\u00fcn, yerel sanayi \u00fcretiminde ham madde olarak kullan\u0131lan \u00fcr\u00fcnlerin ithalat\u0131nda g\u00fcmr\u00fck vergisinin %50 d\u00fc\u015f\u00fcr\u00fclmesini \u00f6ng\u00f6ren 2017\/172 say\u0131l\u0131 kararnameyi onaylad\u0131.<\/p>\n<p>Kararname, g\u00fcmr\u00fck vergilerine ili\u015fkin yeni d\u00fczenlemelerin Ekonomi ve D\u0131\u015f Ticaret Bakanl\u0131\u011f\u0131 taraf\u0131ndan haz\u0131rlanmas\u0131n\u0131 \u00f6ng\u00f6r\u00fcyor.<\/p>\n","protected":false},"excerpt":{"rendered":"<p>\u015eAM \u2013 Cumhurba\u015fkan\u0131 Be\u015f\u015far el Esad bug\u00fcn, yerel sanayi \u00fcretiminde ham madde olarak kullan\u0131lan \u00fcr\u00fcnlerin ithalat\u0131nda g\u00fcmr\u00fck vergisinin %50 d\u00fc\u015f\u00fcr\u00fclmesini \u00f6ng\u00f6ren 2017\/172 say\u0131l\u0131 kararnameyi onaylad\u0131. Kararname, g\u00fcmr\u00fck vergilerine ili\u015fkin yeni d\u00fczenlemelerin Ekonomi ve D\u0131\u015f Ticaret Bakanl\u0131\u011f\u0131 taraf\u0131ndan haz\u0131rlanmas\u0131n\u0131 \u00f6ng\u00f6r\u00fcyor.<\/p>\n","protected":false},"author":1,"featured_media":56583,"comment_status":"closed","ping_status":"closed","sticky":false,"template":"","format":"standard","meta":{"footnotes":""},"categories":[485,486,605,17988,612,599],"tags":[17256,16402,29943,6510,20113,29959,19946,29942,16591,20363,29941],"class_list":["post-116123","post","type-post","status-publish","format-standard","has-post-thumbnail","","category-is-ve-sermaye","category-haberler-is-ve-sermaye","category-sayin-cumhurbaskani","category-son-haberler","category-yasama-kararnameler","category-yasama-ve-kanunlar","tag-bessar-el-esad","tag-cumhurbaskani-bessar-el-esad","tag-dis-ticaret-bakanligi","tag-ekonomi-2","tag-esad","tag-gumruk-vergisi","tag-kararname","tag-kullanilan-urunlerin-ithalatinda-gumruk-vergisinin-dusurulmesini-ongoren-2017172-sayili-kararnameyi-onaylad","tag-suriye","tag-yasama-kanunu","tag-yerel-sanayi-uretimi"],"_links":{"self":[{"href":"https:\/\/archive.sana.sy\/tr\/index.php?rest_route=\/wp\/v2\/posts\/116123","targetHints":{"allow":["GET"]}}],"collection":[{"href":"https:\/\/archive.sana.sy\/tr\/index.php?rest_route=\/wp\/v2\/posts"}],"about":[{"href":"https:\/\/archive.sana.sy\/tr\/index.php?rest_route=\/wp\/v2\/types\/post"}],"author":[{"embeddable":true,"href":"https:\/\/archive.sana.sy\/tr\/index.php?rest_route=\/wp\/v2\/users\/1"}],"replies":[{"embeddable":true,"href":"https:\/\/archive.sana.sy\/tr\/index.php?rest_route=%2Fwp%2Fv2%2Fcomments&post=116123"}],"version-history":[{"count":0,"href":"https:\/\/archive.sana.sy\/tr\/index.php?rest_route=\/wp\/v2\/posts\/116123\/revisions"}],"wp:featuredmedia":[{"embeddable":true,"href":"https:\/\/archive.sana.sy\/tr\/index.php?rest_route=\/wp\/v2\/media\/56583"}],"wp:attachment":[{"href":"https:\/\/archive.sana.sy\/tr\/index.php?rest_route=%2Fwp%2Fv2%2Fmedia&parent=116123"}],"wp:term":[{"taxonomy":"category","embeddable":true,"href":"https:\/\/archive.sana.sy\/tr\/index.php?rest_route=%2Fwp%2Fv2%2Fcategories&post=116123"},{"taxonomy":"post_tag","embeddable":true,"href":"https:\/\/archive.sana.sy\/tr\/index.php?rest_route=%2Fwp%2Fv2%2Ftags&post=116123"}],"curies":[{"name":"wp","href":"https:\/\/api.w.org\/{rel}","templated":true}]}}