{"id":116126,"date":"2017-06-13T14:31:17","date_gmt":"2017-06-13T11:31:17","guid":{"rendered":"http:\/\/www.sana.sy\/tr\/?p=116126"},"modified":"2017-06-14T15:13:10","modified_gmt":"2017-06-14T12:13:10","slug":"mali-destegi-desifre-ederken-ayda-bir-milyon-dolar-istedi","status":"publish","type":"post","link":"https:\/\/archive.sana.sy\/tr\/?p=116126","title":{"rendered":"Mali Deste\u011fi De\u015fifre Ederken, Ayda Bir Milyon Dolar \u0130stedi"},"content":{"rendered":"<p>\u015eAM \u2013 Ter\u00f6r \u00f6rg\u00fctlere tabi muhtelif medya ara\u00e7lar\u0131; Suudi Arabistan ve T\u00fcrkiye rejimlerine tabili\u011fi ile bilinen \u2018Cey\u015ful \u0130slam\u2019 (\u0130slam Ordusu) ad\u0131yla bilinen radikal ter\u00f6r \u00f6rg\u00fct\u00fcn\u00fcn \u2018muhalefet koalisyonu\u2019 ad\u0131yla bilinen olu\u015fuma kat\u0131lmak i\u00e7in her ay kendisine bir milyon dolar para \u00f6denmesini talep etti\u011fini ifade eden bir ses kayd\u0131 yay\u0131nlad\u0131.<\/p>\n<p>Ses kayd\u0131; s\u00f6z konusu radikal ter\u00f6r \u00f6rg\u00fct\u00fcn\u00fcn en bariz komutanlar\u0131ndan biri olup \u00f6zellikle T\u00fcrkiye ve Suudi Arabistan rejimleri taraf\u0131ndan Cenevre ve Astana\u2019da yap\u0131lan siyasi g\u00f6r\u00fc\u015fmelere \u2018muhalefet temsilcisi\u2019 olarak kat\u0131lmas\u0131na \u0131srar edilen Muhammed Allu\u015f ve \u2018muhalefet koalisyonunun\u2019 s\u00f6zde siyasi komite \u00fcyesi Cemal Verd aras\u0131nda ge\u00e7en telefon g\u00f6r\u00fc\u015fmesinden ibarettir.<\/p>\n<p>Ses kayd\u0131nda Verd Allu\u015f\u2019u koalisyona kat\u0131lmaya davet ederken Allu\u015f, bu koalisyonun Birle\u015fik Arap Emirlikleri ve daha ba\u015fka devletlerden y\u00fcksek mebla\u011flarda para ald\u0131\u011f\u0131na dair kesin ve gizli bilgilere sahip odlu\u011funu, ve dolay\u0131s\u0131yla \u2018Cey\u015ful \u0130slam\u2019\u0131n koalisyona girmesi i\u00e7in her ay kendisine bir milyon dolar \u00f6deme yap\u0131lmas\u0131n\u0131 talep ediyor. Allu\u015f koalisyonun son olarak Birle\u015fik Arap Emirliklerinden 2,5 milyon dalar para ald\u0131\u011f\u0131n\u0131, Avrupal\u0131 bir k\u0131s\u0131m devletlerin de \u00f6n\u00fcm\u00fczdeki s\u00fcre\u00e7 i\u00e7inde koalisyona daha fazla mali destek temin etme vaatlerinde bulunduklar\u0131na dair bilgileri ortaya \u00e7\u0131kard\u0131.<\/p>\n","protected":false},"excerpt":{"rendered":"<p>\u015eAM \u2013 Ter\u00f6r \u00f6rg\u00fctlere tabi muhtelif medya ara\u00e7lar\u0131; Suudi Arabistan ve T\u00fcrkiye rejimlerine tabili\u011fi ile bilinen \u2018Cey\u015ful \u0130slam\u2019 (\u0130slam Ordusu) ad\u0131yla bilinen radikal ter\u00f6r \u00f6rg\u00fct\u00fcn\u00fcn \u2018muhalefet koalisyonu\u2019 ad\u0131yla bilinen olu\u015fuma kat\u0131lmak i\u00e7in her ay kendisine bir milyon dolar para \u00f6denmesini talep etti\u011fini ifade eden bir ses kayd\u0131 yay\u0131nlad\u0131. Ses kayd\u0131; s\u00f6z konusu radikal ter\u00f6r \u00f6rg\u00fct\u00fcn\u00fcn &hellip;<\/p>\n","protected":false},"author":1,"featured_media":116127,"comment_status":"closed","ping_status":"closed","sticky":false,"template":"","format":"standard","meta":{"footnotes":""},"categories":[479,575,17988,478],"tags":[29929],"class_list":["post-116126","post","type-post","status-publish","format-standard","has-post-thumbnail","","category-haberler-yerel","category-olaylar-ve-gercekler","category-son-haberler","category-yerel","tag-teror-orgutlere-tabi-muhtelif-medya-araclari"],"_links":{"self":[{"href":"https:\/\/archive.sana.sy\/tr\/index.php?rest_route=\/wp\/v2\/posts\/116126","targetHints":{"allow":["GET"]}}],"collection":[{"href":"https:\/\/archive.sana.sy\/tr\/index.php?rest_route=\/wp\/v2\/posts"}],"about":[{"href":"https:\/\/archive.sana.sy\/tr\/index.php?rest_route=\/wp\/v2\/types\/post"}],"author":[{"embeddable":true,"href":"https:\/\/archive.sana.sy\/tr\/index.php?rest_route=\/wp\/v2\/users\/1"}],"replies":[{"embeddable":true,"href":"https:\/\/archive.sana.sy\/tr\/index.php?rest_route=%2Fwp%2Fv2%2Fcomments&post=116126"}],"version-history":[{"count":0,"href":"https:\/\/archive.sana.sy\/tr\/index.php?rest_route=\/wp\/v2\/posts\/116126\/revisions"}],"wp:featuredmedia":[{"embeddable":true,"href":"https:\/\/archive.sana.sy\/tr\/index.php?rest_route=\/wp\/v2\/media\/116127"}],"wp:attachment":[{"href":"https:\/\/archive.sana.sy\/tr\/index.php?rest_route=%2Fwp%2Fv2%2Fmedia&parent=116126"}],"wp:term":[{"taxonomy":"category","embeddable":true,"href":"https:\/\/archive.sana.sy\/tr\/index.php?rest_route=%2Fwp%2Fv2%2Fcategories&post=116126"},{"taxonomy":"post_tag","embeddable":true,"href":"https:\/\/archive.sana.sy\/tr\/index.php?rest_route=%2Fwp%2Fv2%2Ftags&post=116126"}],"curies":[{"name":"wp","href":"https:\/\/api.w.org\/{rel}","templated":true}]}}