{"id":11617,"date":"2014-09-28T23:09:20","date_gmt":"2014-09-28T20:09:20","guid":{"rendered":"http:\/\/www.sana.sy\/tr\/?p=11617"},"modified":"2014-09-28T23:09:20","modified_gmt":"2014-09-28T20:09:20","slug":"dunya-turizm-gunu-munasebetiyle-suveydada-festival-duzenlendi","status":"publish","type":"post","link":"https:\/\/archive.sana.sy\/tr\/?p=11617","title":{"rendered":"D\u00fcnya Turizm G\u00fcn\u00fc M\u00fcnasebetiyle S\u00fcveyda\u2019da Festival D\u00fczenlendi"},"content":{"rendered":"<p>S\u00dcVEYDA \u2013 S\u00fcveyda Turizm M\u00fcd\u00fcrl\u00fc\u011f\u00fc, S\u00fcveyda Valili\u011fi ve Baas \u00d6nc\u00fcleri Birli\u011fi ile i\u015fbirli\u011fi i\u00e7erisinde D\u00fcnya Turizm G\u00fcn\u00fc m\u00fcnasebetiyle d\u00fcn \u201cTurizmimiz Kalk\u0131nmam\u0131z ve Yeniden Yap\u0131lanmam\u0131z\u201d ba\u015fl\u0131kl\u0131 bir festival d\u00fczenledi.<\/p>\n<p>\u00dc\u00e7 g\u00fcn boyunca sanatsal, k\u00fclt\u00fcrel ve tabiat i\u00e7erikli etkinliklerle kitleleri bir araya toplamas\u0131 beklenen festivalin ilk g\u00fcn\u00fcnde S\u00fcveyda Baas \u00d6nc\u00fcleri M\u00fczik Grubu ve Halk Sanatlar\u0131 M\u00fczik grubunun m\u00fczik dinletileri sergilendi.<\/p>\n<p>Lise son d\u00fczeyinde \u00fcst\u00fcn ba\u015far\u0131 g\u00f6steren \u00f6\u011frencilerin \u00f6d\u00fcllendirilmesi ve \u00e7e\u015fitli sanatsal faaliyetleri de kapsayacak olan festival \u201cs\u00fcrd\u00fcr\u00fclebilir turizm ile yerel toplumlar\u0131n geli\u015fmesi aras\u0131ndaki ili\u015fki\u201d ile ilgili d\u00fczenlenecek \u00e7al\u0131\u015ftay ile son bulacak.<\/p>\n<div id='gallery-1' class='gallery galleryid-11617 gallery-columns-3 gallery-size-thumbnail'><figure class='gallery-item'>\n\t\t\t<div class='gallery-icon landscape'>\n\t\t\t\t<a href='https:\/\/archive.sana.sy\/tr\/wp-content\/uploads\/2014\/09\/S\u00fcveyda-22.jpg'><img loading=\"lazy\" decoding=\"async\" width=\"150\" height=\"79\" src=\"https:\/\/archive.sana.sy\/tr\/wp-content\/uploads\/2014\/09\/S\u00fcveyda-22-150x79.jpg\" class=\"attachment-thumbnail size-thumbnail\" alt=\"\" srcset=\"https:\/\/archive.sana.sy\/tr\/wp-content\/uploads\/2014\/09\/S\u00fcveyda-22-150x79.jpg 150w, https:\/\/archive.sana.sy\/tr\/wp-content\/uploads\/2014\/09\/S\u00fcveyda-22-300x160.jpg 300w, https:\/\/archive.sana.sy\/tr\/wp-content\/uploads\/2014\/09\/S\u00fcveyda-22.jpg 381w\" sizes=\"auto, (max-width: 150px) 100vw, 150px\" \/><\/a>\n\t\t\t<\/div><\/figure><figure class='gallery-item'>\n\t\t\t<div class='gallery-icon landscape'>\n\t\t\t\t<a href='https:\/\/archive.sana.sy\/tr\/wp-content\/uploads\/2014\/09\/S\u00fcveyda-3.jpg'><img loading=\"lazy\" decoding=\"async\" width=\"150\" height=\"79\" src=\"https:\/\/archive.sana.sy\/tr\/wp-content\/uploads\/2014\/09\/S\u00fcveyda-3-150x79.jpg\" class=\"attachment-thumbnail size-thumbnail\" alt=\"\" srcset=\"https:\/\/archive.sana.sy\/tr\/wp-content\/uploads\/2014\/09\/S\u00fcveyda-3-150x79.jpg 150w, https:\/\/archive.sana.sy\/tr\/wp-content\/uploads\/2014\/09\/S\u00fcveyda-3-300x160.jpg 300w, https:\/\/archive.sana.sy\/tr\/wp-content\/uploads\/2014\/09\/S\u00fcveyda-3.jpg 381w\" sizes=\"auto, (max-width: 150px) 100vw, 150px\" \/><\/a>\n\t\t\t<\/div><\/figure><figure class='gallery-item'>\n\t\t\t<div class='gallery-icon landscape'>\n\t\t\t\t<a href='https:\/\/archive.sana.sy\/tr\/wp-content\/uploads\/2014\/09\/S\u00fcveyda-4.jpg'><img loading=\"lazy\" decoding=\"async\" width=\"150\" height=\"79\" src=\"https:\/\/archive.sana.sy\/tr\/wp-content\/uploads\/2014\/09\/S\u00fcveyda-4-150x79.jpg\" class=\"attachment-thumbnail size-thumbnail\" alt=\"\" srcset=\"https:\/\/archive.sana.sy\/tr\/wp-content\/uploads\/2014\/09\/S\u00fcveyda-4-150x79.jpg 150w, https:\/\/archive.sana.sy\/tr\/wp-content\/uploads\/2014\/09\/S\u00fcveyda-4-300x160.jpg 300w, https:\/\/archive.sana.sy\/tr\/wp-content\/uploads\/2014\/09\/S\u00fcveyda-4.jpg 381w\" sizes=\"auto, (max-width: 150px) 100vw, 150px\" \/><\/a>\n\t\t\t<\/div><\/figure>\n\t\t<\/div>\n\n","protected":false},"excerpt":{"rendered":"<p>S\u00dcVEYDA \u2013 S\u00fcveyda Turizm M\u00fcd\u00fcrl\u00fc\u011f\u00fc, S\u00fcveyda Valili\u011fi ve Baas \u00d6nc\u00fcleri Birli\u011fi ile i\u015fbirli\u011fi i\u00e7erisinde D\u00fcnya Turizm G\u00fcn\u00fc m\u00fcnasebetiyle d\u00fcn \u201cTurizmimiz Kalk\u0131nmam\u0131z ve Yeniden Yap\u0131lanmam\u0131z\u201d ba\u015fl\u0131kl\u0131 bir festival d\u00fczenledi. \u00dc\u00e7 g\u00fcn boyunca sanatsal, k\u00fclt\u00fcrel ve tabiat i\u00e7erikli etkinliklerle kitleleri bir araya toplamas\u0131 beklenen festivalin ilk g\u00fcn\u00fcnde S\u00fcveyda Baas \u00d6nc\u00fcleri M\u00fczik Grubu ve Halk Sanatlar\u0131 M\u00fczik grubunun &hellip;<\/p>\n","protected":false},"author":1,"featured_media":11618,"comment_status":"closed","ping_status":"closed","sticky":false,"template":"","format":"standard","meta":{"footnotes":""},"categories":[596,511,525,2553],"tags":[2829],"class_list":["post-11617","post","type-post","status-publish","format-standard","has-post-thumbnail","","category-fotografli-raporlar","category-kultur-ve-sanat","category-toplum","category-turizm","tag-dunya-turizm-gunu-munasebetiyle-suveydada-festival-duzenlendi"],"_links":{"self":[{"href":"https:\/\/archive.sana.sy\/tr\/index.php?rest_route=\/wp\/v2\/posts\/11617","targetHints":{"allow":["GET"]}}],"collection":[{"href":"https:\/\/archive.sana.sy\/tr\/index.php?rest_route=\/wp\/v2\/posts"}],"about":[{"href":"https:\/\/archive.sana.sy\/tr\/index.php?rest_route=\/wp\/v2\/types\/post"}],"author":[{"embeddable":true,"href":"https:\/\/archive.sana.sy\/tr\/index.php?rest_route=\/wp\/v2\/users\/1"}],"replies":[{"embeddable":true,"href":"https:\/\/archive.sana.sy\/tr\/index.php?rest_route=%2Fwp%2Fv2%2Fcomments&post=11617"}],"version-history":[{"count":0,"href":"https:\/\/archive.sana.sy\/tr\/index.php?rest_route=\/wp\/v2\/posts\/11617\/revisions"}],"wp:featuredmedia":[{"embeddable":true,"href":"https:\/\/archive.sana.sy\/tr\/index.php?rest_route=\/wp\/v2\/media\/11618"}],"wp:attachment":[{"href":"https:\/\/archive.sana.sy\/tr\/index.php?rest_route=%2Fwp%2Fv2%2Fmedia&parent=11617"}],"wp:term":[{"taxonomy":"category","embeddable":true,"href":"https:\/\/archive.sana.sy\/tr\/index.php?rest_route=%2Fwp%2Fv2%2Fcategories&post=11617"},{"taxonomy":"post_tag","embeddable":true,"href":"https:\/\/archive.sana.sy\/tr\/index.php?rest_route=%2Fwp%2Fv2%2Ftags&post=11617"}],"curies":[{"name":"wp","href":"https:\/\/api.w.org\/{rel}","templated":true}]}}