{"id":11627,"date":"2014-09-29T00:33:16","date_gmt":"2014-09-28T21:33:16","guid":{"rendered":"http:\/\/www.sana.sy\/tr\/?p=11627"},"modified":"2014-09-29T00:33:16","modified_gmt":"2014-09-28T21:33:16","slug":"adra-beledte-teror-kalintilari-kaldiriliyor","status":"publish","type":"post","link":"https:\/\/archive.sana.sy\/tr\/?p=11627","title":{"rendered":"Adra Beled\u2019te Ter\u00f6r Kal\u0131nt\u0131lar\u0131 Kald\u0131r\u0131l\u0131yor"},"content":{"rendered":"<p>\u015eAM KIRSALI \u2013 Ordu birliklerimiz tekfirci ve hain ter\u00f6r \u00e7etelerden ar\u0131nd\u0131rd\u0131\u011f\u0131 \u015eam k\u0131rsal\u0131 Adra Beled Kentinde arama tarama ve ter\u00f6r kal\u0131nt\u0131lar\u0131n\u0131 kald\u0131rma operasyonlar\u0131n\u0131 s\u00fcrd\u00fcr\u00fcyor.<\/p>\n<p>Askeri kaynak ordu birliklerimizin b\u00f6lgede \u00f6zel ve kamu m\u00fclklere yerle\u015ftirdikleri \u00e7ok say\u0131da bubi tuza\u011f\u0131n\u0131 etkisizle\u015ftirdiklerini ve ter\u00f6ristlerin kurduklar\u0131 barikatlar\u0131 kald\u0131rd\u0131klar\u0131n\u0131 aktard\u0131.<\/p>\n<p>Kentte hizmet \u015febekelerinin onar\u0131lmas\u0131 i\u00e7in yo\u011fun \u00e7abalar ba\u015flat\u0131ld\u0131\u011f\u0131n\u0131 belirten kaynak; kent ahalisinin en k\u0131sa zamanda evlerine d\u00f6nmeleri i\u00e7in gerekli t\u00fcm \u00e7al\u0131\u015fmalar\u0131n en k\u0131sa zamanda bitirilece\u011fini belirtti.<\/p>\n<div id='gallery-1' class='gallery galleryid-11627 gallery-columns-3 gallery-size-thumbnail'><figure class='gallery-item'>\n\t\t\t<div class='gallery-icon landscape'>\n\t\t\t\t<a href='https:\/\/archive.sana.sy\/tr\/wp-content\/uploads\/2014\/09\/Adra-2.jpg'><img loading=\"lazy\" decoding=\"async\" width=\"150\" height=\"79\" src=\"https:\/\/archive.sana.sy\/tr\/wp-content\/uploads\/2014\/09\/Adra-2-150x79.jpg\" class=\"attachment-thumbnail size-thumbnail\" alt=\"\" srcset=\"https:\/\/archive.sana.sy\/tr\/wp-content\/uploads\/2014\/09\/Adra-2-150x79.jpg 150w, https:\/\/archive.sana.sy\/tr\/wp-content\/uploads\/2014\/09\/Adra-2-300x160.jpg 300w, https:\/\/archive.sana.sy\/tr\/wp-content\/uploads\/2014\/09\/Adra-2.jpg 620w\" sizes=\"auto, (max-width: 150px) 100vw, 150px\" \/><\/a>\n\t\t\t<\/div><\/figure><figure class='gallery-item'>\n\t\t\t<div class='gallery-icon landscape'>\n\t\t\t\t<a href='https:\/\/archive.sana.sy\/tr\/wp-content\/uploads\/2014\/09\/Adra-cami-1.jpg'><img loading=\"lazy\" decoding=\"async\" width=\"150\" height=\"79\" src=\"https:\/\/archive.sana.sy\/tr\/wp-content\/uploads\/2014\/09\/Adra-cami-1-150x79.jpg\" class=\"attachment-thumbnail size-thumbnail\" alt=\"\" srcset=\"https:\/\/archive.sana.sy\/tr\/wp-content\/uploads\/2014\/09\/Adra-cami-1-150x79.jpg 150w, https:\/\/archive.sana.sy\/tr\/wp-content\/uploads\/2014\/09\/Adra-cami-1-300x160.jpg 300w, https:\/\/archive.sana.sy\/tr\/wp-content\/uploads\/2014\/09\/Adra-cami-1.jpg 620w\" sizes=\"auto, (max-width: 150px) 100vw, 150px\" \/><\/a>\n\t\t\t<\/div><\/figure><figure class='gallery-item'>\n\t\t\t<div class='gallery-icon landscape'>\n\t\t\t\t<a href='https:\/\/archive.sana.sy\/tr\/wp-content\/uploads\/2014\/09\/Adra-cami-2.jpg'><img loading=\"lazy\" decoding=\"async\" width=\"150\" height=\"79\" src=\"https:\/\/archive.sana.sy\/tr\/wp-content\/uploads\/2014\/09\/Adra-cami-2-150x79.jpg\" class=\"attachment-thumbnail size-thumbnail\" alt=\"\" srcset=\"https:\/\/archive.sana.sy\/tr\/wp-content\/uploads\/2014\/09\/Adra-cami-2-150x79.jpg 150w, https:\/\/archive.sana.sy\/tr\/wp-content\/uploads\/2014\/09\/Adra-cami-2-300x160.jpg 300w, https:\/\/archive.sana.sy\/tr\/wp-content\/uploads\/2014\/09\/Adra-cami-2.jpg 620w\" sizes=\"auto, (max-width: 150px) 100vw, 150px\" \/><\/a>\n\t\t\t<\/div><\/figure>\n\t\t<\/div>\n\n","protected":false},"excerpt":{"rendered":"<p>\u015eAM KIRSALI \u2013 Ordu birliklerimiz tekfirci ve hain ter\u00f6r \u00e7etelerden ar\u0131nd\u0131rd\u0131\u011f\u0131 \u015eam k\u0131rsal\u0131 Adra Beled Kentinde arama tarama ve ter\u00f6r kal\u0131nt\u0131lar\u0131n\u0131 kald\u0131rma operasyonlar\u0131n\u0131 s\u00fcrd\u00fcr\u00fcyor. Askeri kaynak ordu birliklerimizin b\u00f6lgede \u00f6zel ve kamu m\u00fclklere yerle\u015ftirdikleri \u00e7ok say\u0131da bubi tuza\u011f\u0131n\u0131 etkisizle\u015ftirdiklerini ve ter\u00f6ristlerin kurduklar\u0131 barikatlar\u0131 kald\u0131rd\u0131klar\u0131n\u0131 aktard\u0131. Kentte hizmet \u015febekelerinin onar\u0131lmas\u0131 i\u00e7in yo\u011fun \u00e7abalar ba\u015flat\u0131ld\u0131\u011f\u0131n\u0131 belirten kaynak; &hellip;<\/p>\n","protected":false},"author":1,"featured_media":11628,"comment_status":"closed","ping_status":"closed","sticky":false,"template":"","format":"standard","meta":{"footnotes":""},"categories":[479,575,478],"tags":[2832],"class_list":["post-11627","post","type-post","status-publish","format-standard","has-post-thumbnail","","category-haberler-yerel","category-olaylar-ve-gercekler","category-yerel","tag-adra-beledte-teror-kalintilari-kaldiriliyor"],"_links":{"self":[{"href":"https:\/\/archive.sana.sy\/tr\/index.php?rest_route=\/wp\/v2\/posts\/11627","targetHints":{"allow":["GET"]}}],"collection":[{"href":"https:\/\/archive.sana.sy\/tr\/index.php?rest_route=\/wp\/v2\/posts"}],"about":[{"href":"https:\/\/archive.sana.sy\/tr\/index.php?rest_route=\/wp\/v2\/types\/post"}],"author":[{"embeddable":true,"href":"https:\/\/archive.sana.sy\/tr\/index.php?rest_route=\/wp\/v2\/users\/1"}],"replies":[{"embeddable":true,"href":"https:\/\/archive.sana.sy\/tr\/index.php?rest_route=%2Fwp%2Fv2%2Fcomments&post=11627"}],"version-history":[{"count":0,"href":"https:\/\/archive.sana.sy\/tr\/index.php?rest_route=\/wp\/v2\/posts\/11627\/revisions"}],"wp:featuredmedia":[{"embeddable":true,"href":"https:\/\/archive.sana.sy\/tr\/index.php?rest_route=\/wp\/v2\/media\/11628"}],"wp:attachment":[{"href":"https:\/\/archive.sana.sy\/tr\/index.php?rest_route=%2Fwp%2Fv2%2Fmedia&parent=11627"}],"wp:term":[{"taxonomy":"category","embeddable":true,"href":"https:\/\/archive.sana.sy\/tr\/index.php?rest_route=%2Fwp%2Fv2%2Fcategories&post=11627"},{"taxonomy":"post_tag","embeddable":true,"href":"https:\/\/archive.sana.sy\/tr\/index.php?rest_route=%2Fwp%2Fv2%2Ftags&post=11627"}],"curies":[{"name":"wp","href":"https:\/\/api.w.org\/{rel}","templated":true}]}}