{"id":11638,"date":"2014-09-29T14:52:42","date_gmt":"2014-09-29T11:52:42","guid":{"rendered":"http:\/\/www.sana.sy\/tr\/?p=11638"},"modified":"2014-09-29T15:00:25","modified_gmt":"2014-09-29T12:00:25","slug":"rakka-kirsalindaki-isid-mevzileri-amerika-ve-ortaklarinca-hedef-aliniyor","status":"publish","type":"post","link":"https:\/\/archive.sana.sy\/tr\/?p=11638","title":{"rendered":"ABD ve M\u00fcttefikleri Rakka ve Haseke&#8217;de I\u015e\u0130D&#8217;i Vurdu"},"content":{"rendered":"<p>\u0130LLER &#8211; Amerika Birle\u015fik Devletleri ve ortaklar\u0131n\u0131n sava\u015f u\u00e7aklar\u0131 Rakka kentinde bu sabah I\u015e\u0130D ter\u00f6r \u00f6rg\u00fct\u00fc merkez ve mevzilerine y\u00f6nelik bombard\u0131man ate\u015fini s\u00fcrd\u00fcrd\u00fc.<\/p>\n<p>Yerel kaynaklar SANA muhabirine a\u00e7\u0131klamalar\u0131nda, bombard\u0131manlar\u0131n Rakka kenti do\u011fusundaki Ratla K\u00f6y\u00fc ile bat\u0131 k\u0131rsal\u0131ndaki el Sahl K\u00f6y\u00fcndeki ter\u00f6r \u00f6rg\u00fct\u00fc mevzilerini hedef ald\u0131klar\u0131n\u0131 s\u00f6yledi.<\/p>\n<p>\u00d6te yandan ABD ve m\u00fcttefiklerinin sava\u015f u\u00e7aklar\u0131 bug\u00fcn sabah saatlerinde Haseke iline tabi Yarubiye k\u0131rsal\u0131nda I\u015e\u0130D mevkilerini bombalad\u0131.<\/p>\n<p>Haseke Valili\u011finde yetkili bir kaynak hava sald\u0131r\u0131lar\u0131nda I\u015e\u0130D\u2019e ait 2 hummer tipi arac\u0131n yan\u0131 s\u0131ra a\u011f\u0131r makineli silahla donat\u0131lm\u0131\u015f 2 arac\u0131n daha imha edildi\u011fini, bir\u00e7ok ter\u00f6ristin de \u00f6ld\u00fcr\u00fcld\u00fc\u011f\u00fcn\u00fc aktard\u0131.<\/p>\n","protected":false},"excerpt":{"rendered":"<p>\u0130LLER &#8211; Amerika Birle\u015fik Devletleri ve ortaklar\u0131n\u0131n sava\u015f u\u00e7aklar\u0131 Rakka kentinde bu sabah I\u015e\u0130D ter\u00f6r \u00f6rg\u00fct\u00fc merkez ve mevzilerine y\u00f6nelik bombard\u0131man ate\u015fini s\u00fcrd\u00fcrd\u00fc. Yerel kaynaklar SANA muhabirine a\u00e7\u0131klamalar\u0131nda, bombard\u0131manlar\u0131n Rakka kenti do\u011fusundaki Ratla K\u00f6y\u00fc ile bat\u0131 k\u0131rsal\u0131ndaki el Sahl K\u00f6y\u00fcndeki ter\u00f6r \u00f6rg\u00fct\u00fc mevzilerini hedef ald\u0131klar\u0131n\u0131 s\u00f6yledi. \u00d6te yandan ABD ve m\u00fcttefiklerinin sava\u015f u\u00e7aklar\u0131 bug\u00fcn sabah &hellip;<\/p>\n","protected":false},"author":1,"featured_media":11639,"comment_status":"closed","ping_status":"closed","sticky":false,"template":"","format":"standard","meta":{"footnotes":""},"categories":[479,575,447,478],"tags":[2840],"class_list":["post-11638","post","type-post","status-publish","format-standard","has-post-thumbnail","","category-haberler-yerel","category-olaylar-ve-gercekler","category-politika","category-yerel","tag-rakka-kirsalindaki-isid-mevzileri-amerika-ve-ortaklarinca-hedef-aliniyor"],"_links":{"self":[{"href":"https:\/\/archive.sana.sy\/tr\/index.php?rest_route=\/wp\/v2\/posts\/11638","targetHints":{"allow":["GET"]}}],"collection":[{"href":"https:\/\/archive.sana.sy\/tr\/index.php?rest_route=\/wp\/v2\/posts"}],"about":[{"href":"https:\/\/archive.sana.sy\/tr\/index.php?rest_route=\/wp\/v2\/types\/post"}],"author":[{"embeddable":true,"href":"https:\/\/archive.sana.sy\/tr\/index.php?rest_route=\/wp\/v2\/users\/1"}],"replies":[{"embeddable":true,"href":"https:\/\/archive.sana.sy\/tr\/index.php?rest_route=%2Fwp%2Fv2%2Fcomments&post=11638"}],"version-history":[{"count":0,"href":"https:\/\/archive.sana.sy\/tr\/index.php?rest_route=\/wp\/v2\/posts\/11638\/revisions"}],"wp:featuredmedia":[{"embeddable":true,"href":"https:\/\/archive.sana.sy\/tr\/index.php?rest_route=\/wp\/v2\/media\/11639"}],"wp:attachment":[{"href":"https:\/\/archive.sana.sy\/tr\/index.php?rest_route=%2Fwp%2Fv2%2Fmedia&parent=11638"}],"wp:term":[{"taxonomy":"category","embeddable":true,"href":"https:\/\/archive.sana.sy\/tr\/index.php?rest_route=%2Fwp%2Fv2%2Fcategories&post=11638"},{"taxonomy":"post_tag","embeddable":true,"href":"https:\/\/archive.sana.sy\/tr\/index.php?rest_route=%2Fwp%2Fv2%2Ftags&post=11638"}],"curies":[{"name":"wp","href":"https:\/\/api.w.org\/{rel}","templated":true}]}}