{"id":11656,"date":"2014-09-29T11:19:28","date_gmt":"2014-09-29T08:19:28","guid":{"rendered":"http:\/\/www.sana.sy\/tr\/?p=11656"},"modified":"2014-09-29T11:19:28","modified_gmt":"2014-09-29T08:19:28","slug":"askeri-kaynak-ordu-birliklerimizin-hama-kirsali-morik-latamne-kefarzeta-yonunde-teroristlerin-toplanma-merkezlerini-hedef-almasi-sonucunda-cok-sayida-teroristi-olu-ve-yarali-dusurduklerini-icindeki","status":"publish","type":"post","link":"https:\/\/archive.sana.sy\/tr\/?p=11656","title":{"rendered":"Askeri kaynak, ordu birliklerimizin Hama k\u0131rsal\u0131 Morik, Latamne, Kefarzeta y\u00f6n\u00fcnde ter\u00f6ristlerin toplanma merkezlerini hedef almas\u0131 sonucunda \u00e7ok say\u0131da ter\u00f6risti \u00f6l\u00fc ve yaral\u0131 d\u00fc\u015f\u00fcrd\u00fcklerini i\u00e7indeki ter\u00f6ristlerle birlikte bir ka\u00e7 arac\u0131 da etkisiz hale getirdiklerini s\u00f6yledi."},"content":{"rendered":"<p>Askeri kaynak, ordu birliklerimizin Hama k\u0131rsal\u0131 Morik, Latamne, Kefarzeta y\u00f6n\u00fcnde ter\u00f6ristlerin toplanma merkezlerini hedef almas\u0131 sonucunda \u00e7ok say\u0131da ter\u00f6risti \u00f6l\u00fc ve yaral\u0131 d\u00fc\u015f\u00fcrd\u00fcklerini i\u00e7indeki ter\u00f6ristlerle birlikte bir ka\u00e7 arac\u0131 da etkisiz hale getirdiklerini s\u00f6yledi.<\/p>\n","protected":false},"excerpt":{"rendered":"<p>Askeri kaynak, ordu birliklerimizin Hama k\u0131rsal\u0131 Morik, Latamne, Kefarzeta y\u00f6n\u00fcnde ter\u00f6ristlerin toplanma merkezlerini hedef almas\u0131 sonucunda \u00e7ok say\u0131da ter\u00f6risti \u00f6l\u00fc ve yaral\u0131 d\u00fc\u015f\u00fcrd\u00fcklerini i\u00e7indeki ter\u00f6ristlerle birlikte bir ka\u00e7 arac\u0131 da etkisiz hale getirdiklerini s\u00f6yledi.<\/p>\n","protected":false},"author":1,"featured_media":0,"comment_status":"closed","ping_status":"closed","sticky":false,"template":"","format":"standard","meta":{"footnotes":""},"categories":[1],"tags":[1031,2848,2847,2846],"class_list":["post-11656","post","type-post","status-publish","format-standard","","category-news-not-sorted","tag-askeri-kaynak","tag-kefarzeta-yonunde-teroristlerin-toplanma-merkezlerini-hedef-almasi-sonucunda-cok-sayida-teroristi-olu-ve-yarali-dusurduklerini-icindeki-teroristlerle-birlikte-bir-kac-araci-da-etkisiz-hale-getirdikler","tag-latamne","tag-ordu-birliklerimizin-hama-kirsali-morik"],"_links":{"self":[{"href":"https:\/\/archive.sana.sy\/tr\/index.php?rest_route=\/wp\/v2\/posts\/11656","targetHints":{"allow":["GET"]}}],"collection":[{"href":"https:\/\/archive.sana.sy\/tr\/index.php?rest_route=\/wp\/v2\/posts"}],"about":[{"href":"https:\/\/archive.sana.sy\/tr\/index.php?rest_route=\/wp\/v2\/types\/post"}],"author":[{"embeddable":true,"href":"https:\/\/archive.sana.sy\/tr\/index.php?rest_route=\/wp\/v2\/users\/1"}],"replies":[{"embeddable":true,"href":"https:\/\/archive.sana.sy\/tr\/index.php?rest_route=%2Fwp%2Fv2%2Fcomments&post=11656"}],"version-history":[{"count":0,"href":"https:\/\/archive.sana.sy\/tr\/index.php?rest_route=\/wp\/v2\/posts\/11656\/revisions"}],"wp:attachment":[{"href":"https:\/\/archive.sana.sy\/tr\/index.php?rest_route=%2Fwp%2Fv2%2Fmedia&parent=11656"}],"wp:term":[{"taxonomy":"category","embeddable":true,"href":"https:\/\/archive.sana.sy\/tr\/index.php?rest_route=%2Fwp%2Fv2%2Fcategories&post=11656"},{"taxonomy":"post_tag","embeddable":true,"href":"https:\/\/archive.sana.sy\/tr\/index.php?rest_route=%2Fwp%2Fv2%2Ftags&post=11656"}],"curies":[{"name":"wp","href":"https:\/\/api.w.org\/{rel}","templated":true}]}}