{"id":11660,"date":"2014-09-29T11:43:30","date_gmt":"2014-09-29T08:43:30","guid":{"rendered":"http:\/\/www.sana.sy\/tr\/?p=11660"},"modified":"2014-09-29T11:43:30","modified_gmt":"2014-09-29T08:43:30","slug":"kurban-bayrami-ve-tesrin-kurtulus-savasi-munasebetiyle-6-gunluk-tatil","status":"publish","type":"post","link":"https:\/\/archive.sana.sy\/tr\/?p=11660","title":{"rendered":"Kurban Bayram\u0131 ve Te\u015frin Kurtulu\u015f Sava\u015f\u0131 M\u00fcnasebetiyle 6 G\u00fcnl\u00fck Tatil"},"content":{"rendered":"<p>\u015eAM \u2013 Ba\u015fbakan Vail Halaki, Kurban Bayram\u0131 ve Te\u015frin Sava\u015f\u0131 Y\u0131ld\u00f6n\u00fcm\u00fc M\u00fcnasebetiyle 10.12.1435 Hicri tarihine denk gelen 4.10.2014 M. Cumartesi g\u00fcn\u00fcnden 15.12.1435 H. 9.10.2014 M. Per\u015fembe g\u00fcn\u00fcne kadar b\u00fct\u00fcn kamu kurumlar\u0131n\u0131n tatil edilmesini \u00f6ng\u00f6ren bir tebli\u011f \u00e7\u0131kard\u0131.<\/p>\n<p>Devlet \u0130\u015f\u00e7i Kanunun 43. Maddesi C f\u0131kras\u0131 gere\u011fince, bayram tatilinde \u00e7al\u0131\u015facak kamu kurumlar\u0131n\u0131n \u00e7al\u0131\u015fma \u015fartlar\u0131 ve tabiat\u0131 gere\u011fi buna dahil de\u011fildir.<\/p>\n","protected":false},"excerpt":{"rendered":"<p>\u015eAM \u2013 Ba\u015fbakan Vail Halaki, Kurban Bayram\u0131 ve Te\u015frin Sava\u015f\u0131 Y\u0131ld\u00f6n\u00fcm\u00fc M\u00fcnasebetiyle 10.12.1435 Hicri tarihine denk gelen 4.10.2014 M. Cumartesi g\u00fcn\u00fcnden 15.12.1435 H. 9.10.2014 M. Per\u015fembe g\u00fcn\u00fcne kadar b\u00fct\u00fcn kamu kurumlar\u0131n\u0131n tatil edilmesini \u00f6ng\u00f6ren bir tebli\u011f \u00e7\u0131kard\u0131. Devlet \u0130\u015f\u00e7i Kanunun 43. Maddesi C f\u0131kras\u0131 gere\u011fince, bayram tatilinde \u00e7al\u0131\u015facak kamu kurumlar\u0131n\u0131n \u00e7al\u0131\u015fma \u015fartlar\u0131 ve tabiat\u0131 gere\u011fi &hellip;<\/p>\n","protected":false},"author":1,"featured_media":11661,"comment_status":"closed","ping_status":"closed","sticky":false,"template":"","format":"standard","meta":{"footnotes":""},"categories":[479,478],"tags":[2850],"class_list":["post-11660","post","type-post","status-publish","format-standard","has-post-thumbnail","","category-haberler-yerel","category-yerel","tag-kurban-bayrami-ve-tesrin-kurtulus-savasi-munasebetiyle-6-gunluk-tatil"],"_links":{"self":[{"href":"https:\/\/archive.sana.sy\/tr\/index.php?rest_route=\/wp\/v2\/posts\/11660","targetHints":{"allow":["GET"]}}],"collection":[{"href":"https:\/\/archive.sana.sy\/tr\/index.php?rest_route=\/wp\/v2\/posts"}],"about":[{"href":"https:\/\/archive.sana.sy\/tr\/index.php?rest_route=\/wp\/v2\/types\/post"}],"author":[{"embeddable":true,"href":"https:\/\/archive.sana.sy\/tr\/index.php?rest_route=\/wp\/v2\/users\/1"}],"replies":[{"embeddable":true,"href":"https:\/\/archive.sana.sy\/tr\/index.php?rest_route=%2Fwp%2Fv2%2Fcomments&post=11660"}],"version-history":[{"count":0,"href":"https:\/\/archive.sana.sy\/tr\/index.php?rest_route=\/wp\/v2\/posts\/11660\/revisions"}],"wp:featuredmedia":[{"embeddable":true,"href":"https:\/\/archive.sana.sy\/tr\/index.php?rest_route=\/wp\/v2\/media\/11661"}],"wp:attachment":[{"href":"https:\/\/archive.sana.sy\/tr\/index.php?rest_route=%2Fwp%2Fv2%2Fmedia&parent=11660"}],"wp:term":[{"taxonomy":"category","embeddable":true,"href":"https:\/\/archive.sana.sy\/tr\/index.php?rest_route=%2Fwp%2Fv2%2Fcategories&post=11660"},{"taxonomy":"post_tag","embeddable":true,"href":"https:\/\/archive.sana.sy\/tr\/index.php?rest_route=%2Fwp%2Fv2%2Ftags&post=11660"}],"curies":[{"name":"wp","href":"https:\/\/api.w.org\/{rel}","templated":true}]}}