{"id":116635,"date":"2017-06-18T11:00:28","date_gmt":"2017-06-18T08:00:28","guid":{"rendered":"http:\/\/www.sana.sy\/tr\/?p=116635"},"modified":"2017-06-19T14:56:54","modified_gmt":"2017-06-19T11:56:54","slug":"dunya-kupasina-katilacak-boksorlerimizin-sayisi-5e-yukseldi","status":"publish","type":"post","link":"https:\/\/archive.sana.sy\/tr\/?p=116635","title":{"rendered":"D\u00fcnya Kupas\u0131na Kat\u0131lacak Boks\u00f6rlerimizin Say\u0131s\u0131 5\u2019e Y\u00fckseldi"},"content":{"rendered":"<p>\u015eAM \u2013 Uluslararas\u0131 Boks Federasyonu Suriyeli boks\u00f6r Abd\u00fclmuin Aziz\u2019e \u00f6n\u00fcm\u00fczdeki A\u011fustos Ay\u0131nda Almanya\u2019da d\u00fczenlenmesi beklenen D\u00fcnya Boks \u015eampiyonas\u0131na kat\u0131lma kart\u0131n\u0131 teslim etti.<\/p>\n<p>Boks Birli\u011fi Ba\u015fkan\u0131 \u0130sa el Nassar SANA\u2019n\u0131n spor b\u00fcltenine yapt\u0131\u011f\u0131 a\u00e7\u0131klamada; b\u00f6ylece d\u00fcnya kupas\u0131na kat\u0131lacak Suriyeli boks\u00f6rlerin say\u0131s\u0131n\u0131n 5\u2019\u00ea y\u00fckseldi\u011fini belirtti. Nassar s\u00f6z konusu boks\u00f6rlerin Asya elemelerinde kaydettikleri ba\u015far\u0131lara dikkat \u00e7ekti.<\/p>\n","protected":false},"excerpt":{"rendered":"<p>\u015eAM \u2013 Uluslararas\u0131 Boks Federasyonu Suriyeli boks\u00f6r Abd\u00fclmuin Aziz\u2019e \u00f6n\u00fcm\u00fczdeki A\u011fustos Ay\u0131nda Almanya\u2019da d\u00fczenlenmesi beklenen D\u00fcnya Boks \u015eampiyonas\u0131na kat\u0131lma kart\u0131n\u0131 teslim etti. Boks Birli\u011fi Ba\u015fkan\u0131 \u0130sa el Nassar SANA\u2019n\u0131n spor b\u00fcltenine yapt\u0131\u011f\u0131 a\u00e7\u0131klamada; b\u00f6ylece d\u00fcnya kupas\u0131na kat\u0131lacak Suriyeli boks\u00f6rlerin say\u0131s\u0131n\u0131n 5\u2019\u00ea y\u00fckseldi\u011fini belirtti. Nassar s\u00f6z konusu boks\u00f6rlerin Asya elemelerinde kaydettikleri ba\u015far\u0131lara dikkat \u00e7ekti.<\/p>\n","protected":false},"author":1,"featured_media":116636,"comment_status":"closed","ping_status":"closed","sticky":false,"template":"","format":"standard","meta":{"footnotes":""},"categories":[498,479,17988,496,478],"tags":[30141,30137,30138,30142,30140,30139,30136,30135],"class_list":["post-116635","post","type-post","status-publish","format-standard","has-post-thumbnail","","category-dunya-turnuvalari","category-haberler-yerel","category-son-haberler","category-spor","category-yerel","tag-5e-yukseldi","tag-agustos-ayinda","tag-almanyada","tag-asya-elemelerinde","tag-boks-birligi-baskani-isa-el-nassar","tag-dunya-boks-sampiyonasi","tag-suriyeli-boksor-abdulmuin-aziz","tag-uluslararasi-boks-federasyonu"],"_links":{"self":[{"href":"https:\/\/archive.sana.sy\/tr\/index.php?rest_route=\/wp\/v2\/posts\/116635","targetHints":{"allow":["GET"]}}],"collection":[{"href":"https:\/\/archive.sana.sy\/tr\/index.php?rest_route=\/wp\/v2\/posts"}],"about":[{"href":"https:\/\/archive.sana.sy\/tr\/index.php?rest_route=\/wp\/v2\/types\/post"}],"author":[{"embeddable":true,"href":"https:\/\/archive.sana.sy\/tr\/index.php?rest_route=\/wp\/v2\/users\/1"}],"replies":[{"embeddable":true,"href":"https:\/\/archive.sana.sy\/tr\/index.php?rest_route=%2Fwp%2Fv2%2Fcomments&post=116635"}],"version-history":[{"count":0,"href":"https:\/\/archive.sana.sy\/tr\/index.php?rest_route=\/wp\/v2\/posts\/116635\/revisions"}],"wp:featuredmedia":[{"embeddable":true,"href":"https:\/\/archive.sana.sy\/tr\/index.php?rest_route=\/wp\/v2\/media\/116636"}],"wp:attachment":[{"href":"https:\/\/archive.sana.sy\/tr\/index.php?rest_route=%2Fwp%2Fv2%2Fmedia&parent=116635"}],"wp:term":[{"taxonomy":"category","embeddable":true,"href":"https:\/\/archive.sana.sy\/tr\/index.php?rest_route=%2Fwp%2Fv2%2Fcategories&post=116635"},{"taxonomy":"post_tag","embeddable":true,"href":"https:\/\/archive.sana.sy\/tr\/index.php?rest_route=%2Fwp%2Fv2%2Ftags&post=116635"}],"curies":[{"name":"wp","href":"https:\/\/api.w.org\/{rel}","templated":true}]}}