{"id":11666,"date":"2014-09-29T23:55:10","date_gmt":"2014-09-29T20:55:10","guid":{"rendered":"http:\/\/www.sana.sy\/tr\/?p=11666"},"modified":"2014-09-30T16:16:26","modified_gmt":"2014-09-30T13:16:26","slug":"sam-kirsali-dumaya-dogru-ordunun-buyuk-ilerlemeleri-suruyor","status":"publish","type":"post","link":"https:\/\/archive.sana.sy\/tr\/?p=11666","title":{"rendered":"Tekfirci ve Hain \u00c7etelerin Kay\u0131plar\u0131 Art\u0131yor"},"content":{"rendered":"<p>\u0130LLER \u2013 Kahraman ordu birliklerimizin ter\u00f6rle m\u00fccadele operasyonlar\u0131 t\u00fcm h\u0131z\u0131yla s\u00fcrerken ter\u00f6ristler a\u011f\u0131r kay\u0131plar vermeye devam ediyor.<\/p>\n<p><span style=\"color: #0000ff\">Kalamun&#8217;da Bir Konvoy \u0130mha Edild<\/span>i<\/p>\n<p>Askeri bir kaynak ordu birliklerimizin \u015eam k\u0131rsal\u0131nda Kalamun b\u00f6lgesine ba\u011fl\u0131 Ersal da\u011fl\u0131k alanlar\u0131nda ter\u00f6rist \u00e7etelerin bir konvoyunu hedef almas\u0131 sonucunda bir s\u00fcr\u00fc arac\u0131 i\u00e7erisindeki ter\u00f6ristlerle birlikte imha etti\u011fini bildirdi.<\/p>\n<p>Ordu birliklerimiz operasyonlarda Cobar cephesinde ilerlemeyi s\u00fcrd\u00fcrerek, \u015eam k\u0131rsal\u0131 Do\u011fu \u011euta ve ba\u015fka b\u00f6lgelerde aralar\u0131nda Irak, Tunus ve \u00dcrd\u00fcn uyruklular\u0131n da bulundu\u011fu \u00e7ok say\u0131da ter\u00f6risti \u00f6l\u00fc ve yaral\u0131 d\u00fc\u015f\u00fcrd\u00fc. Ordu birliklerimiz Cobar\u2019da ter\u00f6ristlere ait k\u00fcmelenme yerlerini muhtevalar\u0131yla imha ederken m\u00fchimmatlar\u0131n\u0131 ve silahlar\u0131n\u0131 etkisiz hale getirdi.<\/p>\n<p>Ordu birliklerimiz Do\u011fu \u011euta derinli\u011finde el Zamaniye, el Kasmiye ve el Bilaliye ter\u00f6ristlerin k\u00fcmelenme yerlerini imha etti.<br \/>\nSANA muhabiri, Duma\u2019n\u0131n kuzeydo\u011fusu Tel el Kurdi \u00e7iftliklerinde ter\u00f6ristlerin yuvalar\u0131n\u0131 imha etmesi sonucunda bir k\u0131sm\u0131 yabanc\u0131 olan \u00e7ok say\u0131da ter\u00f6risti \u00f6l\u00fc ve yaral\u0131 d\u00fc\u015f\u00fcrd\u00fcklerini ifade etti.<\/p>\n<p>El Duhaniyye ve Ayn Terma Vadisinde ise ter\u00f6ristlerin k\u00fcmelenme yerlerini imha eden ordu birliklerimiz aralar\u0131nda Irakl\u0131 ve Tunuslular\u0131n bulundu\u011fu \u00e7ok say\u0131da ter\u00f6risti \u00f6ld\u00fcrd\u00fc.<\/p>\n<p>Buna ilaveten Kalemun Da\u011f\u0131nda Karra Beldesi ve civar\u0131ndaki da\u011fl\u0131k arazilerin yan\u0131 s\u0131ra Vadi el Zamrani b\u00f6lgelerinde cephane ve m\u00fchimmatlar\u0131n\u0131 imha etmesi sonucunda \u00e7ok say\u0131da ter\u00f6risti \u00f6l\u00fc ve yaral\u0131 d\u00fc\u015f\u00fcrd\u00fc.<\/p>\n<p><span style=\"color: #0000ff\">Halep&#8217;te \u00c7ok Say\u0131da Ara\u00e7 \u0130mha Edildi<\/span><\/p>\n<p>Halep k\u0131rsal\u0131nda ordu Han Asel Beldesinde ter\u00f6ristlerin bir yuvalanmas\u0131na d\u00fczenledi\u011fi operasyonda, ter\u00f6ristlerin \u00e7ok say\u0131da arac\u0131n\u0131 imha etti\u011fini, ter\u00f6ristleri \u00f6l\u00fc ve yaral\u0131 d\u00fc\u015f\u00fcrd\u00fc\u011f\u00fc bildirildi.<\/p>\n<p><span style=\"color: #0000ff\">Hama K\u0131rsal\u0131nda \u00c7ok Say\u0131da Ter\u00f6rist \u00d6ld\u00fcr\u00fcld\u00fc<\/span><\/p>\n<p>Askeri kaynak, ordu birliklerimizin Hama k\u0131rsal\u0131 Morik, Latamne, Kefarzeta y\u00f6n\u00fcnde ter\u00f6ristlerin toplanma merkezlerini hedef almas\u0131 sonucunda \u00e7ok say\u0131da ter\u00f6risti \u00f6l\u00fc ve yaral\u0131 d\u00fc\u015f\u00fcrd\u00fcklerini i\u00e7indeki ter\u00f6ristlerle birlikte bir ka\u00e7 arac\u0131 da etkisiz hale getirdiklerini s\u00f6yledi.<\/p>\n<p><span style=\"color: #0000ff\">\u0130dlib K\u0131rsal\u0131nda D\u00fczenekler ve Ara\u00e7lar\u0131\u00a0\u0130mha Edildi<\/span><\/p>\n<p>Askeri kaynak ordu birliklerimizin \u0130dlib k\u0131rsal\u0131 Han \u015eeyhun Beldesinde ter\u00f6ristlerin toplanma merkezleri ve h\u00fccrelerinihedef almalar\u0131 sonucunda \u00e7ok say\u0131da ter\u00f6risti \u00f6ld\u00fcrd\u00fcklerini i\u00e7indekilerle birlikte ter\u00f6ristlere ait ara\u00e7lar\u0131 da imha ettiklerini belirtti.<\/p>\n<p>Yine \u0130dlip k\u0131rsal\u0131nda Temana Beldesinde \u201cLivaa el Bettar\u201d ter\u00f6r \u00f6rg\u00fct\u00fcne ait bit k\u00fcmelenme yeri, Teftenaz Beldesinde bir yerli roket fabrikas\u0131 ordu birliklerimiz taraf\u0131ndan imha edildi\u011fi, \u00e7ok say\u0131da ter\u00f6ristin \u00f6l\u00fc ve yaral\u0131 d\u00fc\u015ft\u00fc\u011f\u00fc bildirildi.<\/p>\n<p>\u00d6te yandan, Maarret Numan, Kefrlata, Martmasrin, Hbit, Hile ve K\u00fcrin beldelerinde ordu birliklerimiz\\ ger\u00e7ekle\u015ftirdi\u011fi operasyonlarda \u00e7ok say\u0131da ter\u00f6risti \u00f6l\u00fc ve yaral\u0131 d\u00fc\u015f\u00fcrd\u00fc, ara\u00e7lar\u0131n\u0131 ve cinayet ekipmanlar\u0131n\u0131 imha etti.<\/p>\n<p>Kaynak ordu birliklerimizin \u0130dlib k\u0131rsal\u0131nda Ebu el Duhur, Dib\u015fiyye ve Tel Selmo Beldeleri \u00e7evresinde \u00e7ok say\u0131da ter\u00f6risti \u00f6ld\u00fcr\u00fcp d\u00fczeneklerini tamamen yok etti\u011fini ve a\u011f\u0131r makineli silahlarla ve havan top\u00e7ular\u0131yla donat\u0131lan \u00fc\u00e7 arac\u0131 imha etti\u011fini belirtti.<\/p>\n<p><span style=\"color: #0000ff\">Homs K\u0131rsal\u0131nda Ter\u00f6r H\u00fccreleri \u0130mha Edildi<\/span><\/p>\n<p>Askeri kaynak ordu birliklerimizin Homs k\u0131rsal\u0131n\u0131n El Kovm Beldesi do\u011fusunda ter\u00f6r eleba\u015flar\u0131n\u0131n bulundu\u011fu bir h\u00fccreyi tamamen etkisiz hale getirdi\u011fini, Hule\u2019nin Burc Kai, Cebburin Um \u015eer\u015fuh y\u00f6n\u00fcndeki Tel Abu el Senabil\u2019de \u00e7ok say\u0131da ter\u00f6risti \u00f6l\u00fc ve yaral\u0131 d\u00fc\u015f\u00fcrd\u00fcklerini, Ganto Beyt el Nebhan\u2019da da a\u011f\u0131r taramal\u0131 silah\u0131n monte edildi\u011fi bir arac\u0131 da imha ettiklerini s\u00f6yledi.<\/p>\n<p>Homs k\u0131rsal\u0131nda Resten, \u00dcmm\u00fc-l Ri\u015f, D\u00fcveybiyye ve Gacar beldelerinde yap\u0131lan operasyonlarda ter\u00f6ristlerin a\u011f\u0131r silahlarla donat\u0131lm\u0131\u015f \u00fc\u00e7 arac\u0131 ve bir z\u0131rhl\u0131 arac\u0131 imha edildi, \u00e7ok say\u0131da ter\u00f6rist \u00f6l\u00fc ve yaral\u0131 d\u00fc\u015ft\u00fc.<\/p>\n<p>\u00d6te yandan Tedmur k\u0131rsal\u0131 Cebel el \u015eair y\u00f6n\u00fcndeki Syriatel B\u00f6lgesinin do\u011fusunda may\u0131n ve cephane dolu bir arac\u0131n infilak etmesi sonucunda baz\u0131 ter\u00f6ristlerin \u00f6l\u00fc ve yaral\u0131 d\u00fc\u015ft\u00fckleri belirtildi.<\/p>\n<p><span style=\"color: #0000ff\">Dera Beled ve K\u0131rsal\u0131nda Ter\u00f6ristler \u00d6ld\u00fcr\u00fcld\u00fc Ara\u00e7lar\u0131 \u0130mha Edildi<\/span><\/p>\n<p>Askeri kaynak, ordu birliklerimizin Dera k\u0131rsal\u0131n\u0131n Deyr el Ades Beldesi kuzeyindeki su deposu yak\u0131nlar\u0131nda ter\u00f6ristlerin toplanma merkezlerini hedef ald\u0131klar\u0131n\u0131 Yaduda yolu \u00fczerinde a\u011f\u0131r makineli silahla donan\u0131ml\u0131 2 ara\u00e7lar\u0131n\u0131 Taysiye Beldesinin do\u011fusunda da baz\u0131 ara\u00e7lar\u0131n\u0131 da imha ettiklerini, d\u00fczenlenen bu operasyonlar sonucunda \u00e7ok say\u0131da ter\u00f6ristin \u00f6l\u00fc ve yaral\u0131 d\u00fc\u015f\u00fcr\u00fcld\u00fc\u011f\u00fcn\u00fc ifade etti.<\/p>\n<p>Dera Beled\u2019te ise ordu birliklerimiz Yerm\u00fck Banliy\u00f6s\u00fcn\u00fcn bat\u0131s\u0131nda baz\u0131 ter\u00f6ristleri \u00f6ld\u00fcrd\u00fc.<\/p>\n<p><span style=\"color: #0000ff\">Deyrezzor&#8217;da \u00c7ok Say\u0131da I\u015e\u0130D&#8217;\u00e7i Can Verdi<\/span><\/p>\n<p>Ordu birliklerimiz Deyrezzor\u2019da Hamidiye Semti ile Tekaya soka\u011f\u0131nda \u00e7ok say\u0131da I\u015e\u0130D ter\u00f6ristini \u00f6l\u00fc ve yaral\u0131 d\u00fc\u015f\u00fcrd\u00fc.<\/p>\n<p>Askeri bir kaynak, \u00f6len ter\u00f6ristler aras\u0131nda Cabir Molla Hamit ile Gassan Mansur adl\u0131 iki ter\u00f6ristin yer ald\u0131klar\u0131n\u0131 a\u00e7\u0131klad\u0131.<\/p>\n<p>Kaynak, ba\u015fka bir birli\u011fimizin Deyrezzor\u2019un do\u011fu k\u0131rsal\u0131nda Mohasan Kentinde ve \u00e7evresinde I\u015e\u0130D ter\u00f6ristlerinin topluluklar\u0131n\u0131 hedef al\u0131p bir s\u00fcr\u00fc ter\u00f6risti \u00f6l\u00fc ve yaral\u0131 d\u00fc\u015f\u00fcrd\u00fc\u011f\u00fcn\u00fc, silah ve ekipmanlar\u0131n\u0131 imha etti\u011fini bildirdi.<\/p>\n","protected":false},"excerpt":{"rendered":"<p>\u0130LLER \u2013 Kahraman ordu birliklerimizin ter\u00f6rle m\u00fccadele operasyonlar\u0131 t\u00fcm h\u0131z\u0131yla s\u00fcrerken ter\u00f6ristler a\u011f\u0131r kay\u0131plar vermeye devam ediyor. Kalamun&#8217;da Bir Konvoy \u0130mha Edildi Askeri bir kaynak ordu birliklerimizin \u015eam k\u0131rsal\u0131nda Kalamun b\u00f6lgesine ba\u011fl\u0131 Ersal da\u011fl\u0131k alanlar\u0131nda ter\u00f6rist \u00e7etelerin bir konvoyunu hedef almas\u0131 sonucunda bir s\u00fcr\u00fc arac\u0131 i\u00e7erisindeki ter\u00f6ristlerle birlikte imha etti\u011fini bildirdi. Ordu birliklerimiz operasyonlarda Cobar &hellip;<\/p>\n","protected":false},"author":1,"featured_media":11667,"comment_status":"closed","ping_status":"closed","sticky":false,"template":"","format":"standard","meta":{"footnotes":""},"categories":[575],"tags":[2852],"class_list":["post-11666","post","type-post","status-publish","format-standard","has-post-thumbnail","","category-olaylar-ve-gercekler","tag-sam-kirsali-dumaya-dogru-ordunun-buyuk-ilerlemeleri-suruyor"],"_links":{"self":[{"href":"https:\/\/archive.sana.sy\/tr\/index.php?rest_route=\/wp\/v2\/posts\/11666","targetHints":{"allow":["GET"]}}],"collection":[{"href":"https:\/\/archive.sana.sy\/tr\/index.php?rest_route=\/wp\/v2\/posts"}],"about":[{"href":"https:\/\/archive.sana.sy\/tr\/index.php?rest_route=\/wp\/v2\/types\/post"}],"author":[{"embeddable":true,"href":"https:\/\/archive.sana.sy\/tr\/index.php?rest_route=\/wp\/v2\/users\/1"}],"replies":[{"embeddable":true,"href":"https:\/\/archive.sana.sy\/tr\/index.php?rest_route=%2Fwp%2Fv2%2Fcomments&post=11666"}],"version-history":[{"count":0,"href":"https:\/\/archive.sana.sy\/tr\/index.php?rest_route=\/wp\/v2\/posts\/11666\/revisions"}],"wp:featuredmedia":[{"embeddable":true,"href":"https:\/\/archive.sana.sy\/tr\/index.php?rest_route=\/wp\/v2\/media\/11667"}],"wp:attachment":[{"href":"https:\/\/archive.sana.sy\/tr\/index.php?rest_route=%2Fwp%2Fv2%2Fmedia&parent=11666"}],"wp:term":[{"taxonomy":"category","embeddable":true,"href":"https:\/\/archive.sana.sy\/tr\/index.php?rest_route=%2Fwp%2Fv2%2Fcategories&post=11666"},{"taxonomy":"post_tag","embeddable":true,"href":"https:\/\/archive.sana.sy\/tr\/index.php?rest_route=%2Fwp%2Fv2%2Ftags&post=11666"}],"curies":[{"name":"wp","href":"https:\/\/api.w.org\/{rel}","templated":true}]}}