{"id":11669,"date":"2014-09-29T13:01:34","date_gmt":"2014-09-29T10:01:34","guid":{"rendered":"http:\/\/www.sana.sy\/tr\/?p=11669"},"modified":"2014-09-29T13:03:14","modified_gmt":"2014-09-29T10:03:14","slug":"keskin-nisanci-terorist-mazot-tankerini-hedef-aldi","status":"publish","type":"post","link":"https:\/\/archive.sana.sy\/tr\/?p=11669","title":{"rendered":"Keskin Ni\u015fanc\u0131 Ter\u00f6rist Mazot Tankerini Hedef Ald\u0131"},"content":{"rendered":"<p>\u015eAM KIRSALI \u2013 Keskin ni\u015fanc\u0131 ter\u00f6rist \u015eam K\u0131rsal\u0131 Duma\u2019da Rahme Benzin \u0130stasyonu kar\u015f\u0131s\u0131nda mazot tankerini hedef almas\u0131 sonucunda tankerin devrilmesine yol a\u00e7t\u0131, olayda tanker \u015fof\u00f6r\u00fc sa\u011f kurtuldu.<\/p>\n<p>\u0130l Emniyet M\u00fcd\u00fcrl\u00fc\u011f\u00fcnde bir kaynak SANA muhabirine a\u00e7\u0131klamas\u0131nda, ter\u00f6r sald\u0131r\u0131s\u0131n\u0131n tankerden mazot maddesinin \u015eam-Homs karayolu \u00fczerine s\u0131zmas\u0131na yol a\u00e7t\u0131\u011f\u0131n\u0131, bunun sonucunda vatanda\u015flar\u0131n ve ara\u00e7lar\u0131n selameti a\u00e7\u0131s\u0131ndan mazot maddesinin temizleninceye kadar yolun trafi\u011fe kapat\u0131ld\u0131\u011f\u0131n\u0131 a\u00e7\u0131klad\u0131.<\/p>\n","protected":false},"excerpt":{"rendered":"<p>\u015eAM KIRSALI \u2013 Keskin ni\u015fanc\u0131 ter\u00f6rist \u015eam K\u0131rsal\u0131 Duma\u2019da Rahme Benzin \u0130stasyonu kar\u015f\u0131s\u0131nda mazot tankerini hedef almas\u0131 sonucunda tankerin devrilmesine yol a\u00e7t\u0131, olayda tanker \u015fof\u00f6r\u00fc sa\u011f kurtuldu. \u0130l Emniyet M\u00fcd\u00fcrl\u00fc\u011f\u00fcnde bir kaynak SANA muhabirine a\u00e7\u0131klamas\u0131nda, ter\u00f6r sald\u0131r\u0131s\u0131n\u0131n tankerden mazot maddesinin \u015eam-Homs karayolu \u00fczerine s\u0131zmas\u0131na yol a\u00e7t\u0131\u011f\u0131n\u0131, bunun sonucunda vatanda\u015flar\u0131n ve ara\u00e7lar\u0131n selameti a\u00e7\u0131s\u0131ndan mazot maddesinin &hellip;<\/p>\n","protected":false},"author":1,"featured_media":11672,"comment_status":"closed","ping_status":"closed","sticky":false,"template":"","format":"standard","meta":{"footnotes":""},"categories":[479,575,478],"tags":[2853],"class_list":["post-11669","post","type-post","status-publish","format-standard","has-post-thumbnail","","category-haberler-yerel","category-olaylar-ve-gercekler","category-yerel","tag-keskin-nisanci-terorist-mazot-tankerini-hedef-aldi"],"_links":{"self":[{"href":"https:\/\/archive.sana.sy\/tr\/index.php?rest_route=\/wp\/v2\/posts\/11669","targetHints":{"allow":["GET"]}}],"collection":[{"href":"https:\/\/archive.sana.sy\/tr\/index.php?rest_route=\/wp\/v2\/posts"}],"about":[{"href":"https:\/\/archive.sana.sy\/tr\/index.php?rest_route=\/wp\/v2\/types\/post"}],"author":[{"embeddable":true,"href":"https:\/\/archive.sana.sy\/tr\/index.php?rest_route=\/wp\/v2\/users\/1"}],"replies":[{"embeddable":true,"href":"https:\/\/archive.sana.sy\/tr\/index.php?rest_route=%2Fwp%2Fv2%2Fcomments&post=11669"}],"version-history":[{"count":0,"href":"https:\/\/archive.sana.sy\/tr\/index.php?rest_route=\/wp\/v2\/posts\/11669\/revisions"}],"wp:featuredmedia":[{"embeddable":true,"href":"https:\/\/archive.sana.sy\/tr\/index.php?rest_route=\/wp\/v2\/media\/11672"}],"wp:attachment":[{"href":"https:\/\/archive.sana.sy\/tr\/index.php?rest_route=%2Fwp%2Fv2%2Fmedia&parent=11669"}],"wp:term":[{"taxonomy":"category","embeddable":true,"href":"https:\/\/archive.sana.sy\/tr\/index.php?rest_route=%2Fwp%2Fv2%2Fcategories&post=11669"},{"taxonomy":"post_tag","embeddable":true,"href":"https:\/\/archive.sana.sy\/tr\/index.php?rest_route=%2Fwp%2Fv2%2Ftags&post=11669"}],"curies":[{"name":"wp","href":"https:\/\/api.w.org\/{rel}","templated":true}]}}