{"id":11676,"date":"2014-09-29T13:46:33","date_gmt":"2014-09-29T10:46:33","guid":{"rendered":"http:\/\/www.sana.sy\/tr\/?p=11676"},"modified":"2014-09-29T13:46:33","modified_gmt":"2014-09-29T10:46:33","slug":"dso-ile-isbirligi-masaya-yatirildi","status":"publish","type":"post","link":"https:\/\/archive.sana.sy\/tr\/?p=11676","title":{"rendered":"DS\u00d6 ile \u0130\u015fbirli\u011fi Masaya Yat\u0131r\u0131ld\u0131"},"content":{"rendered":"<p>\u015eAM \u2013 Y\u00fcksek \u00d6\u011fretim Bakan\u0131 Muhammed Amir Mardini D\u00fcnya Sa\u011fl\u0131k \u00d6rg\u00fct\u00fcn\u00fcn (DS\u00d6) Suriye&#8217;deki Daimi Temsilcisi Elisabeth Hoff ile \u00fcniversite hastanelerinde t\u0131bbi ekipman ve gereksinimlerin kar\u015f\u0131lanmas\u0131nda i\u015fbirli\u011fi konular\u0131n\u0131 masaya yat\u0131rd\u0131.<\/p>\n<p>Mardini \u00f6zellikle acil durumlarda kullan\u0131lan ila\u00e7lar olmak \u00fczere hastane ve sa\u011fl\u0131k kurumlar\u0131n\u0131n ihtiya\u00e7lar\u0131n\u0131n kar\u015f\u0131lanmas\u0131nda DS\u00d6\u2019n\u00fcn katk\u0131lar\u0131n\u0131 \u00f6vd\u00fc.<\/p>\n<p>Hem\u015firelik Okulunun bu s\u00fcre\u00e7 i\u00e7inde hem\u015firelik fak\u00fcltesine d\u00f6n\u00fc\u015ft\u00fcr\u00fclmesi \u00e7abalar\u0131n\u0131n harcand\u0131\u011f\u0131n\u0131 s\u00f6yleyen Mardini, DS\u00d6\u2019n\u00fcn bu ba\u011flamda katk\u0131 sa\u011flayabilece\u011fini a\u00e7\u0131klad\u0131.<\/p>\n<p>G\u00f6r\u00fc\u015fmede Hoff \u00f6rg\u00fct\u00fcn \u00e7al\u0131\u015fmalar\u0131 aras\u0131nda sa\u011fl\u0131k sekt\u00f6r\u00fcnde \u00e7al\u0131\u015fanlara teknik yard\u0131mda bulunmak oldu\u011funa i\u015faret ederken, hem\u015firelik okulunun fak\u00fclteye d\u00f6n\u00fc\u015ft\u00fcr\u00fclmesinde gerekli yard\u0131m ve deste\u011fi sa\u011flamaya haz\u0131r oldu\u011funu s\u00f6yledi.<\/p>\n<p>Hoff Suriyeli ilgili yetkililerle uzun s\u00fcre\u00e7li yard\u0131m ve destek meselelerini masaya yat\u0131raca\u011f\u0131n\u0131 ifade ederken, kriz s\u00fcresinde sa\u011fl\u0131k sekt\u00f6r\u00fcn\u00fc geli\u015ftirmek ve yeniden yap\u0131land\u0131rman\u0131n bir f\u0131rsat olu\u015fturdu\u011funu belirtti.<\/p>\n","protected":false},"excerpt":{"rendered":"<p>\u015eAM \u2013 Y\u00fcksek \u00d6\u011fretim Bakan\u0131 Muhammed Amir Mardini D\u00fcnya Sa\u011fl\u0131k \u00d6rg\u00fct\u00fcn\u00fcn (DS\u00d6) Suriye&#8217;deki Daimi Temsilcisi Elisabeth Hoff ile \u00fcniversite hastanelerinde t\u0131bbi ekipman ve gereksinimlerin kar\u015f\u0131lanmas\u0131nda i\u015fbirli\u011fi konular\u0131n\u0131 masaya yat\u0131rd\u0131. Mardini \u00f6zellikle acil durumlarda kullan\u0131lan ila\u00e7lar olmak \u00fczere hastane ve sa\u011fl\u0131k kurumlar\u0131n\u0131n ihtiya\u00e7lar\u0131n\u0131n kar\u015f\u0131lanmas\u0131nda DS\u00d6\u2019n\u00fcn katk\u0131lar\u0131n\u0131 \u00f6vd\u00fc. Hem\u015firelik Okulunun bu s\u00fcre\u00e7 i\u00e7inde hem\u015firelik fak\u00fcltesine d\u00f6n\u00fc\u015ft\u00fcr\u00fclmesi \u00e7abalar\u0131n\u0131n &hellip;<\/p>\n","protected":false},"author":1,"featured_media":11677,"comment_status":"closed","ping_status":"closed","sticky":false,"template":"","format":"standard","meta":{"footnotes":""},"categories":[479,478],"tags":[2855],"class_list":["post-11676","post","type-post","status-publish","format-standard","has-post-thumbnail","","category-haberler-yerel","category-yerel","tag-dso-ile-isbirligi-masaya-yatirildi"],"_links":{"self":[{"href":"https:\/\/archive.sana.sy\/tr\/index.php?rest_route=\/wp\/v2\/posts\/11676","targetHints":{"allow":["GET"]}}],"collection":[{"href":"https:\/\/archive.sana.sy\/tr\/index.php?rest_route=\/wp\/v2\/posts"}],"about":[{"href":"https:\/\/archive.sana.sy\/tr\/index.php?rest_route=\/wp\/v2\/types\/post"}],"author":[{"embeddable":true,"href":"https:\/\/archive.sana.sy\/tr\/index.php?rest_route=\/wp\/v2\/users\/1"}],"replies":[{"embeddable":true,"href":"https:\/\/archive.sana.sy\/tr\/index.php?rest_route=%2Fwp%2Fv2%2Fcomments&post=11676"}],"version-history":[{"count":0,"href":"https:\/\/archive.sana.sy\/tr\/index.php?rest_route=\/wp\/v2\/posts\/11676\/revisions"}],"wp:featuredmedia":[{"embeddable":true,"href":"https:\/\/archive.sana.sy\/tr\/index.php?rest_route=\/wp\/v2\/media\/11677"}],"wp:attachment":[{"href":"https:\/\/archive.sana.sy\/tr\/index.php?rest_route=%2Fwp%2Fv2%2Fmedia&parent=11676"}],"wp:term":[{"taxonomy":"category","embeddable":true,"href":"https:\/\/archive.sana.sy\/tr\/index.php?rest_route=%2Fwp%2Fv2%2Fcategories&post=11676"},{"taxonomy":"post_tag","embeddable":true,"href":"https:\/\/archive.sana.sy\/tr\/index.php?rest_route=%2Fwp%2Fv2%2Ftags&post=11676"}],"curies":[{"name":"wp","href":"https:\/\/api.w.org\/{rel}","templated":true}]}}