{"id":116779,"date":"2017-06-20T13:05:20","date_gmt":"2017-06-20T10:05:20","guid":{"rendered":"http:\/\/www.sana.sy\/tr\/?p=116779"},"modified":"2017-06-20T13:06:52","modified_gmt":"2017-06-20T10:06:52","slug":"basbakanlik-binasinda-kabine-toplantisina-baskanlik-eden-cumhurbaskani-bessar-el-esad-bugun-ulusal-idari-reform-projesini-baslatti","status":"publish","type":"post","link":"https:\/\/archive.sana.sy\/tr\/?p=116779","title":{"rendered":"Ba\u015fbakanl\u0131k binas\u0131nda kabine toplant\u0131s\u0131na ba\u015fkanl\u0131k eden Cumhurba\u015fkan\u0131 Be\u015f\u015far el Esad bug\u00fcn, ulusal idari reform projesini ba\u015flatt\u0131"},"content":{"rendered":"<p>Ba\u015fbakanl\u0131k binas\u0131nda kabine toplant\u0131s\u0131na ba\u015fkanl\u0131k eden Cumhurba\u015fkan\u0131 Be\u015f\u015far el Esad bug\u00fcn, ulusal idari reform projesini ba\u015flatt\u0131<\/p>\n","protected":false},"excerpt":{"rendered":"<p>Ba\u015fbakanl\u0131k binas\u0131nda kabine toplant\u0131s\u0131na ba\u015fkanl\u0131k eden Cumhurba\u015fkan\u0131 Be\u015f\u015far el Esad bug\u00fcn, ulusal idari reform projesini ba\u015flatt\u0131<\/p>\n","protected":false},"author":1,"featured_media":0,"comment_status":"closed","ping_status":"closed","sticky":false,"template":"","format":"standard","meta":{"footnotes":""},"categories":[17991],"tags":[],"class_list":["post-116779","post","type-post","status-publish","format-standard","","category-son-dakika"],"_links":{"self":[{"href":"https:\/\/archive.sana.sy\/tr\/index.php?rest_route=\/wp\/v2\/posts\/116779","targetHints":{"allow":["GET"]}}],"collection":[{"href":"https:\/\/archive.sana.sy\/tr\/index.php?rest_route=\/wp\/v2\/posts"}],"about":[{"href":"https:\/\/archive.sana.sy\/tr\/index.php?rest_route=\/wp\/v2\/types\/post"}],"author":[{"embeddable":true,"href":"https:\/\/archive.sana.sy\/tr\/index.php?rest_route=\/wp\/v2\/users\/1"}],"replies":[{"embeddable":true,"href":"https:\/\/archive.sana.sy\/tr\/index.php?rest_route=%2Fwp%2Fv2%2Fcomments&post=116779"}],"version-history":[{"count":0,"href":"https:\/\/archive.sana.sy\/tr\/index.php?rest_route=\/wp\/v2\/posts\/116779\/revisions"}],"wp:attachment":[{"href":"https:\/\/archive.sana.sy\/tr\/index.php?rest_route=%2Fwp%2Fv2%2Fmedia&parent=116779"}],"wp:term":[{"taxonomy":"category","embeddable":true,"href":"https:\/\/archive.sana.sy\/tr\/index.php?rest_route=%2Fwp%2Fv2%2Fcategories&post=116779"},{"taxonomy":"post_tag","embeddable":true,"href":"https:\/\/archive.sana.sy\/tr\/index.php?rest_route=%2Fwp%2Fv2%2Ftags&post=116779"}],"curies":[{"name":"wp","href":"https:\/\/api.w.org\/{rel}","templated":true}]}}