{"id":116788,"date":"2017-06-20T13:42:24","date_gmt":"2017-06-20T10:42:24","guid":{"rendered":"http:\/\/www.sana.sy\/tr\/?p=116788"},"modified":"2017-06-21T15:04:38","modified_gmt":"2017-06-21T12:04:38","slug":"yemen-suriye-ordusunun-basarilari-takdire-sayandir","status":"publish","type":"post","link":"https:\/\/archive.sana.sy\/tr\/?p=116788","title":{"rendered":"Yemen: Suriye Ordusunun Ba\u015far\u0131lar\u0131 Takdire \u015eayand\u0131r"},"content":{"rendered":"<p>SANA \u2013 Yemen Ba\u015fbakan\u0131 Abd\u00fclaziz Salih Bin Cebtur ba\u015fkent Sana\u2019da Suriye&#8217;nin Yemen Maslahatg\u00fczar\u0131 el Hakem Dendi ile iki \u00fclke aras\u0131ndaki ili\u015fkileri iki halk\u0131n \u00e7\u0131karlar\u0131 do\u011frultusunda muhtelif alanlarda geli\u015ftirme olanaklar\u0131n\u0131 masaya yat\u0131rd\u0131.<\/p>\n<p>Yemen D\u0131\u015fi\u015fleri Bakan\u0131 Hi\u015fam \u015eeref Abdullah\u2019\u0131n da kat\u0131ld\u0131\u011f\u0131 g\u00f6r\u00fc\u015fmede; Suriye ve Yemen\u2019in sald\u0131rgan devletler taraf\u0131ndan maruz kald\u0131klar\u0131 sava\u015f g\u00f6lgesinde iki \u00fclkedeki durumlar\u0131 ele ald\u0131lar.<\/p>\n<p>Suriye ordusunun \u00e7okuluslu tekfirci ve hain ter\u00f6re kar\u015f\u0131 ba\u015far\u0131lar\u0131n\u0131 \u00f6ven Yemen Ba\u015fbakan\u0131 Bin Centur, Suriye&#8217;de kaybolan ve bir k\u0131s\u0131m medya haberlerinin ter\u00f6r \u00f6rg\u00fctleri taraf\u0131ndan rehine al\u0131nd\u0131klar\u0131 \u00f6ne s\u00fcr\u00fclen Yemenli askerlerin meselesini takip etme \u00f6nemini ifade etti. Yemen ba\u015fbakan\u0131 bu askerlerin, Suriye&#8217;nin tan\u0131k oldu\u011fu olaylarla yak\u0131ndan ya da uzaktan hi\u00e7bir ilgileri olmamas\u0131yla serbest b\u0131rak\u0131lmalar\u0131 i\u00e7in Uluslararas\u0131 K\u0131z\u0131lha\u00e7 \u00d6rg\u00fct\u00fc ile temas kuruldu\u011funa dikkat \u00e7ekti.<\/p>\n<p>G\u00f6r\u00fc\u015fmede ayr\u0131ca BM delegesi \u0130smail Veld el \u015eeyh\u2019in son olarak Sana\u2019ya bulundu\u011fu i\u015f ziyareti ve temaslar\u0131 da de\u011ferlendirildi.<\/p>\n","protected":false},"excerpt":{"rendered":"<p>SANA \u2013 Yemen Ba\u015fbakan\u0131 Abd\u00fclaziz Salih Bin Cebtur ba\u015fkent Sana\u2019da Suriye&#8217;nin Yemen Maslahatg\u00fczar\u0131 el Hakem Dendi ile iki \u00fclke aras\u0131ndaki ili\u015fkileri iki halk\u0131n \u00e7\u0131karlar\u0131 do\u011frultusunda muhtelif alanlarda geli\u015ftirme olanaklar\u0131n\u0131 masaya yat\u0131rd\u0131. Yemen D\u0131\u015fi\u015fleri Bakan\u0131 Hi\u015fam \u015eeref Abdullah\u2019\u0131n da kat\u0131ld\u0131\u011f\u0131 g\u00f6r\u00fc\u015fmede; Suriye ve Yemen\u2019in sald\u0131rgan devletler taraf\u0131ndan maruz kald\u0131klar\u0131 sava\u015f g\u00f6lgesinde iki \u00fclkedeki durumlar\u0131 ele ald\u0131lar. &hellip;<\/p>\n","protected":false},"author":1,"featured_media":116792,"comment_status":"closed","ping_status":"closed","sticky":false,"template":"","format":"standard","meta":{"footnotes":""},"categories":[458,459,17988],"tags":[30252,30250,30251,16591,30249,30247,11549,4076,1543,30248],"class_list":["post-116788","post","type-post","status-publish","format-standard","has-post-thumbnail","","category-dunya1","category-haberler-arap-uluslararasi-politika","category-son-haberler","tag-abdulaziz-salih-bin-cebtur","tag-baskent-sana","tag-hisam-seref-abdullah","tag-suriye","tag-suriye-maslahatguzari","tag-suriye-ve-yemen","tag-suriye-ordusu","tag-terorle-mucadele","tag-yemen","tag-yemen-basbakani"],"_links":{"self":[{"href":"https:\/\/archive.sana.sy\/tr\/index.php?rest_route=\/wp\/v2\/posts\/116788","targetHints":{"allow":["GET"]}}],"collection":[{"href":"https:\/\/archive.sana.sy\/tr\/index.php?rest_route=\/wp\/v2\/posts"}],"about":[{"href":"https:\/\/archive.sana.sy\/tr\/index.php?rest_route=\/wp\/v2\/types\/post"}],"author":[{"embeddable":true,"href":"https:\/\/archive.sana.sy\/tr\/index.php?rest_route=\/wp\/v2\/users\/1"}],"replies":[{"embeddable":true,"href":"https:\/\/archive.sana.sy\/tr\/index.php?rest_route=%2Fwp%2Fv2%2Fcomments&post=116788"}],"version-history":[{"count":0,"href":"https:\/\/archive.sana.sy\/tr\/index.php?rest_route=\/wp\/v2\/posts\/116788\/revisions"}],"wp:featuredmedia":[{"embeddable":true,"href":"https:\/\/archive.sana.sy\/tr\/index.php?rest_route=\/wp\/v2\/media\/116792"}],"wp:attachment":[{"href":"https:\/\/archive.sana.sy\/tr\/index.php?rest_route=%2Fwp%2Fv2%2Fmedia&parent=116788"}],"wp:term":[{"taxonomy":"category","embeddable":true,"href":"https:\/\/archive.sana.sy\/tr\/index.php?rest_route=%2Fwp%2Fv2%2Fcategories&post=116788"},{"taxonomy":"post_tag","embeddable":true,"href":"https:\/\/archive.sana.sy\/tr\/index.php?rest_route=%2Fwp%2Fv2%2Ftags&post=116788"}],"curies":[{"name":"wp","href":"https:\/\/api.w.org\/{rel}","templated":true}]}}