{"id":116807,"date":"2017-06-20T14:33:54","date_gmt":"2017-06-20T11:33:54","guid":{"rendered":"http:\/\/www.sana.sy\/tr\/?p=116807"},"modified":"2017-06-21T14:47:56","modified_gmt":"2017-06-21T11:47:56","slug":"116807","status":"publish","type":"post","link":"https:\/\/archive.sana.sy\/tr\/?p=116807","title":{"rendered":"Sivillere Y\u00f6nelik Sald\u0131r\u0131lar\u0131 T\u0131rman\u0131yor"},"content":{"rendered":"<p>\u0130LLER \u2013 Suriye ve halk\u0131na d\u00fc\u015fman devletlerin destek ve y\u00f6nlendirmeleriyle hareket eden ter\u00f6ristlerin sivil b\u00f6lgelere geli\u015fig\u00fczel f\u00fcze sald\u0131r\u0131lar\u0131 ve gerilimi azaltma b\u00f6lgeleri anla\u015fmas\u0131na ihlalleri t\u0131rman\u0131rken bug\u00fcn bu sald\u0131r\u0131larda bir\u00e7ok vatanda\u015f \u015fehit ve yaral\u0131 d\u00fc\u015ft\u00fc.<\/p>\n<p><span style=\"color: #0000ff\">DEYREZZOR:<\/span><\/p>\n<p>Deyrezzor Valili\u011finde bir kaynak SANA\u2019ya a\u00e7\u0131klamalar\u0131nda; radikal ter\u00f6r \u00f6rg\u00fct\u00fc I\u015e\u0130D\u2019in bug\u00fcn ku\u015fatma alt\u0131nda tuttu\u011fu Deyrezzor Kentinin Kusur Semtine f\u00fczelerle sald\u0131r\u0131lar\u0131n\u0131 tekrarlad\u0131\u011f\u0131n\u0131 ifade etti.<\/p>\n<p>Kaynak gaddar ter\u00f6r sald\u0131r\u0131lar\u0131nda 2 vatanda\u015f\u0131n \u015fehit, 8 vatanda\u015f\u0131n da yaral\u0131 d\u00fc\u015ft\u00fcklerini, evlerde ciddi maddi hasar\u0131n meydana geldi\u011fini belirtti.<\/p>\n<p><span style=\"color: #0000ff\">\u015eAM:<\/span><\/p>\n<p>\u015eam Emniyet M\u00fcd\u00fcrl\u00fc\u011f\u00fcnde bir kaynak ise benzer bir a\u00e7\u0131klamada; Do\u011fu \u011euta\u2019da bulunan ter\u00f6ristlerin ba\u015fkent \u015eam\u2019\u0131n sivil yerle\u015fim alanlar\u0131ndan Kefarsusa ve Abbasiler semtlerine ilaveten Kebbas B\u00f6lgesinde sebze meyve pazar\u0131na havan roketleriyle sald\u0131rd\u0131klar\u0131n\u0131 aktard\u0131.<\/p>\n<p>Havan sald\u0131r\u0131lar\u0131nda 4 vatanda\u015f\u0131n yaraland\u0131\u011f\u0131n\u0131 ifade eden kaynak, \u00f6zel ve kamu m\u00fclklerde maddi hasarlar\u0131n meydana geldi\u011fine dikkat \u00e7ekti.<\/p>\n<p><span style=\"color: #0000ff\">HAMA:<\/span><\/p>\n<p>Hama Emniyet M\u00fcd\u00fcrl\u00fc\u011f\u00fcnde bir kaynak ise eli kanl\u0131 ter\u00f6r \u00f6rg\u00fctleri Mharde Elektrik \u0130stasyonuna f\u00fczelerle sald\u0131rd\u0131klar\u0131n\u0131 belirtti.<\/p>\n<p>Kaynak ter\u00f6r sald\u0131r\u0131lar\u0131 sonucunda Hama Kentinin yakla\u015f\u0131k 25 km kuzeyinde yer alan istasyonda maddi hasarlar\u0131n meydana geldi\u011fini kaydetti.<\/p>\n<p>Ter\u00f6r f\u00fczelerinden birinin istasyon giri\u015finde bir yak\u0131t tankerine isabet etti\u011fine dikkat \u00e7eken kaynak, istasyona yak\u0131t ta\u015f\u0131yan tankerin yand\u0131\u011f\u0131n\u0131 s\u00f6yledi.<\/p>\n","protected":false},"excerpt":{"rendered":"<p>\u0130LLER \u2013 Suriye ve halk\u0131na d\u00fc\u015fman devletlerin destek ve y\u00f6nlendirmeleriyle hareket eden ter\u00f6ristlerin sivil b\u00f6lgelere geli\u015fig\u00fczel f\u00fcze sald\u0131r\u0131lar\u0131 ve gerilimi azaltma b\u00f6lgeleri anla\u015fmas\u0131na ihlalleri t\u0131rman\u0131rken bug\u00fcn bu sald\u0131r\u0131larda bir\u00e7ok vatanda\u015f \u015fehit ve yaral\u0131 d\u00fc\u015ft\u00fc. DEYREZZOR: Deyrezzor Valili\u011finde bir kaynak SANA\u2019ya a\u00e7\u0131klamalar\u0131nda; radikal ter\u00f6r \u00f6rg\u00fct\u00fc I\u015e\u0130D\u2019in bug\u00fcn ku\u015fatma alt\u0131nda tuttu\u011fu Deyrezzor Kentinin Kusur Semtine f\u00fczelerle sald\u0131r\u0131lar\u0131n\u0131 &hellip;<\/p>\n","protected":false},"author":1,"featured_media":116808,"comment_status":"closed","ping_status":"closed","sticky":false,"template":"","format":"standard","meta":{"footnotes":""},"categories":[479,575,17988,478],"tags":[3464,18365,17274,17273,2318,18347,20427,18174,16591,22182,19034,22181],"class_list":["post-116807","post","type-post","status-publish","format-standard","has-post-thumbnail","","category-haberler-yerel","category-olaylar-ve-gercekler","category-son-haberler","category-yerel","tag-nusra-cephesi","tag-ahrar-el-sam","tag-fuze-saldirisi","tag-havan-saldirisi","tag-isid","tag-oso","tag-ozgur-ordu","tag-sivillere-saldiri","tag-suriye","tag-suriyede-savas","tag-suriyeli-muhalifler","tag-suriyeliler"],"_links":{"self":[{"href":"https:\/\/archive.sana.sy\/tr\/index.php?rest_route=\/wp\/v2\/posts\/116807","targetHints":{"allow":["GET"]}}],"collection":[{"href":"https:\/\/archive.sana.sy\/tr\/index.php?rest_route=\/wp\/v2\/posts"}],"about":[{"href":"https:\/\/archive.sana.sy\/tr\/index.php?rest_route=\/wp\/v2\/types\/post"}],"author":[{"embeddable":true,"href":"https:\/\/archive.sana.sy\/tr\/index.php?rest_route=\/wp\/v2\/users\/1"}],"replies":[{"embeddable":true,"href":"https:\/\/archive.sana.sy\/tr\/index.php?rest_route=%2Fwp%2Fv2%2Fcomments&post=116807"}],"version-history":[{"count":0,"href":"https:\/\/archive.sana.sy\/tr\/index.php?rest_route=\/wp\/v2\/posts\/116807\/revisions"}],"wp:featuredmedia":[{"embeddable":true,"href":"https:\/\/archive.sana.sy\/tr\/index.php?rest_route=\/wp\/v2\/media\/116808"}],"wp:attachment":[{"href":"https:\/\/archive.sana.sy\/tr\/index.php?rest_route=%2Fwp%2Fv2%2Fmedia&parent=116807"}],"wp:term":[{"taxonomy":"category","embeddable":true,"href":"https:\/\/archive.sana.sy\/tr\/index.php?rest_route=%2Fwp%2Fv2%2Fcategories&post=116807"},{"taxonomy":"post_tag","embeddable":true,"href":"https:\/\/archive.sana.sy\/tr\/index.php?rest_route=%2Fwp%2Fv2%2Ftags&post=116807"}],"curies":[{"name":"wp","href":"https:\/\/api.w.org\/{rel}","templated":true}]}}