{"id":11685,"date":"2014-09-29T15:31:55","date_gmt":"2014-09-29T12:31:55","guid":{"rendered":"http:\/\/www.sana.sy\/tr\/?p=11685"},"modified":"2014-09-29T15:31:55","modified_gmt":"2014-09-29T12:31:55","slug":"samda-imar-bolgelerinde-altyapi-isleri-basliyor","status":"publish","type":"post","link":"https:\/\/archive.sana.sy\/tr\/?p=11685","title":{"rendered":"\u015eam\u2019da \u0130mar B\u00f6lgelerinde Altyap\u0131 \u0130\u015fleri Ba\u015fl\u0131yor"},"content":{"rendered":"<p>\u015eAM \u2013 \u015eam \u0130l \u0130mar Planlar\u0131 M\u00fcd\u00fcr\u00fc Cemal Yusuf ikinci imar b\u00f6lgesinde tespit ve tan\u0131mlama i\u015flerinin %20 oran\u0131yla tamamland\u0131\u011f\u0131n\u0131 belirtti.<\/p>\n<p>Mezze Semti g\u00fcney do\u011fusunda birinci imar b\u00f6lgesinin alt yap\u0131 i\u015fleri i\u00e7in ihale a\u00e7\u0131ld\u0131\u011f\u0131n\u0131, \u00e7al\u0131\u015fmalar\u0131n gelecek y\u0131l\u0131n ba\u015f\u0131nda ba\u015flayaca\u011f\u0131n\u0131 ifade eden Yusuf, projenin idari binas\u0131n\u0131n tamamlanmak \u00fczere oldu\u011funu kaydetti.<\/p>\n","protected":false},"excerpt":{"rendered":"<p>\u015eAM \u2013 \u015eam \u0130l \u0130mar Planlar\u0131 M\u00fcd\u00fcr\u00fc Cemal Yusuf ikinci imar b\u00f6lgesinde tespit ve tan\u0131mlama i\u015flerinin %20 oran\u0131yla tamamland\u0131\u011f\u0131n\u0131 belirtti. Mezze Semti g\u00fcney do\u011fusunda birinci imar b\u00f6lgesinin alt yap\u0131 i\u015fleri i\u00e7in ihale a\u00e7\u0131ld\u0131\u011f\u0131n\u0131, \u00e7al\u0131\u015fmalar\u0131n gelecek y\u0131l\u0131n ba\u015f\u0131nda ba\u015flayaca\u011f\u0131n\u0131 ifade eden Yusuf, projenin idari binas\u0131n\u0131n tamamlanmak \u00fczere oldu\u011funu kaydetti.<\/p>\n","protected":false},"author":1,"featured_media":11686,"comment_status":"closed","ping_status":"closed","sticky":false,"template":"","format":"standard","meta":{"footnotes":""},"categories":[485,479,486,478],"tags":[2857],"class_list":["post-11685","post","type-post","status-publish","format-standard","has-post-thumbnail","","category-is-ve-sermaye","category-haberler-yerel","category-haberler-is-ve-sermaye","category-yerel","tag-samda-imar-bolgelerinde-altyapi-isleri-basliyor"],"_links":{"self":[{"href":"https:\/\/archive.sana.sy\/tr\/index.php?rest_route=\/wp\/v2\/posts\/11685","targetHints":{"allow":["GET"]}}],"collection":[{"href":"https:\/\/archive.sana.sy\/tr\/index.php?rest_route=\/wp\/v2\/posts"}],"about":[{"href":"https:\/\/archive.sana.sy\/tr\/index.php?rest_route=\/wp\/v2\/types\/post"}],"author":[{"embeddable":true,"href":"https:\/\/archive.sana.sy\/tr\/index.php?rest_route=\/wp\/v2\/users\/1"}],"replies":[{"embeddable":true,"href":"https:\/\/archive.sana.sy\/tr\/index.php?rest_route=%2Fwp%2Fv2%2Fcomments&post=11685"}],"version-history":[{"count":0,"href":"https:\/\/archive.sana.sy\/tr\/index.php?rest_route=\/wp\/v2\/posts\/11685\/revisions"}],"wp:featuredmedia":[{"embeddable":true,"href":"https:\/\/archive.sana.sy\/tr\/index.php?rest_route=\/wp\/v2\/media\/11686"}],"wp:attachment":[{"href":"https:\/\/archive.sana.sy\/tr\/index.php?rest_route=%2Fwp%2Fv2%2Fmedia&parent=11685"}],"wp:term":[{"taxonomy":"category","embeddable":true,"href":"https:\/\/archive.sana.sy\/tr\/index.php?rest_route=%2Fwp%2Fv2%2Fcategories&post=11685"},{"taxonomy":"post_tag","embeddable":true,"href":"https:\/\/archive.sana.sy\/tr\/index.php?rest_route=%2Fwp%2Fv2%2Ftags&post=11685"}],"curies":[{"name":"wp","href":"https:\/\/api.w.org\/{rel}","templated":true}]}}