{"id":11702,"date":"2014-09-29T16:40:34","date_gmt":"2014-09-29T13:40:34","guid":{"rendered":"http:\/\/www.sana.sy\/tr\/?p=11702"},"modified":"2014-09-29T16:40:34","modified_gmt":"2014-09-29T13:40:34","slug":"teror-orgutleri-arasi-hesaplasmada-cok-sayida-terorist-oldu","status":"publish","type":"post","link":"https:\/\/archive.sana.sy\/tr\/?p=11702","title":{"rendered":"Ter\u00f6r \u00d6rg\u00fctleri Aras\u0131 Hesapla\u015fmada \u00c7ok Say\u0131da Ter\u00f6rist \u00d6ld\u00fc"},"content":{"rendered":"<p>DERA \u2013 Ter\u00f6rist \u00f6rg\u00fctler aras\u0131 \u00e7eki\u015fme ve hesapla\u015fma \u00e7er\u00e7evesinde, bir grup ter\u00f6rist Dera k\u0131rsal\u0131nda Dael Kenti yan\u0131 s\u0131ra Nuayme, Tafs ve Yadude beldelerinde ter\u00f6r k\u00fcmelenmelerini d\u00f6rt bombal\u0131 ara\u00e7la sald\u0131rd\u0131lar.<\/p>\n<p>\u00c7ok say\u0131da ter\u00f6ristin \u00f6l\u00fc ve yaral\u0131 d\u00fc\u015ft\u00fc\u011f\u00fc sald\u0131r\u0131lar hakk\u0131nda SANA\u2019ya konu\u015fan yerel kaynaklar, sald\u0131r\u0131lar\u0131n \u201cNusra Cephesi\u201d ter\u00f6r \u00f6rg\u00fct\u00fc taraf\u0131ndan \u201c\u00d6zg\u00fcr Ordu\u201d (\u00d6SO) ter\u00f6r \u00f6rg\u00fct\u00fcne kar\u015f\u0131 d\u00fczenlendi\u011fini belirttiler.<\/p>\n<p>Kaynaklar\u0131n verdi\u011fi bilgilere g\u00f6re Nuayme Beldesindeki sald\u0131r\u0131 \u201cLivaa Fell\u00fcce Horan\u201d (Fell\u00fcce Horan Tugay\u0131) adl\u0131 ter\u00f6r \u00f6rg\u00fct\u00fcnden ayr\u0131lan bir grubun karargah\u0131na d\u00fczenlendi.<\/p>\n<p>Dael Kentinde merkez kav\u015fa\u011f\u0131n kuzeyinde ger\u00e7ekle\u015fen sald\u0131r\u0131n\u0131n ise \u201c\u00d6SO\u201d ter\u00f6ristlerinin kulland\u0131\u011f\u0131 bir karargaha kar\u015f\u0131 d\u00fczenlenip bir s\u00fcr\u00fc sivil vatanda\u015f\u0131n hayat\u0131n\u0131 kaybetmesine ve b\u00fcy\u00fck maddi hasarlara neden oldu\u011fu bildirildi.<\/p>\n<p>Yadude Beldesindeki bombal\u0131 ara\u00e7la yap\u0131lan sald\u0131r\u0131 \u201c\u00d6SO\u201d ter\u00f6r \u00f6rg\u00fct\u00fcn\u00fcn kurdu\u011fu bir toprak barikat\u0131n\u0131 hedef al\u0131rken bir di\u011fer bombal\u0131 ara\u00e7 da Tafs\u2019ta patlay\u0131p, iki patlamadan \u00f6t\u00fcr\u00fc \u00e7ok say\u0131da ter\u00f6rist \u00f6l\u00fc ve yaral\u0131 d\u00fc\u015ft\u00fc.<\/p>\n","protected":false},"excerpt":{"rendered":"<p>DERA \u2013 Ter\u00f6rist \u00f6rg\u00fctler aras\u0131 \u00e7eki\u015fme ve hesapla\u015fma \u00e7er\u00e7evesinde, bir grup ter\u00f6rist Dera k\u0131rsal\u0131nda Dael Kenti yan\u0131 s\u0131ra Nuayme, Tafs ve Yadude beldelerinde ter\u00f6r k\u00fcmelenmelerini d\u00f6rt bombal\u0131 ara\u00e7la sald\u0131rd\u0131lar. \u00c7ok say\u0131da ter\u00f6ristin \u00f6l\u00fc ve yaral\u0131 d\u00fc\u015ft\u00fc\u011f\u00fc sald\u0131r\u0131lar hakk\u0131nda SANA\u2019ya konu\u015fan yerel kaynaklar, sald\u0131r\u0131lar\u0131n \u201cNusra Cephesi\u201d ter\u00f6r \u00f6rg\u00fct\u00fc taraf\u0131ndan \u201c\u00d6zg\u00fcr Ordu\u201d (\u00d6SO) ter\u00f6r \u00f6rg\u00fct\u00fcne kar\u015f\u0131 d\u00fczenlendi\u011fini &hellip;<\/p>\n","protected":false},"author":1,"featured_media":11703,"comment_status":"closed","ping_status":"closed","sticky":false,"template":"","format":"standard","meta":{"footnotes":""},"categories":[479,575,478],"tags":[2865],"class_list":["post-11702","post","type-post","status-publish","format-standard","has-post-thumbnail","","category-haberler-yerel","category-olaylar-ve-gercekler","category-yerel","tag-teror-orgutleri-arasi-hesaplasmada-cok-sayida-terorist-oldu"],"_links":{"self":[{"href":"https:\/\/archive.sana.sy\/tr\/index.php?rest_route=\/wp\/v2\/posts\/11702","targetHints":{"allow":["GET"]}}],"collection":[{"href":"https:\/\/archive.sana.sy\/tr\/index.php?rest_route=\/wp\/v2\/posts"}],"about":[{"href":"https:\/\/archive.sana.sy\/tr\/index.php?rest_route=\/wp\/v2\/types\/post"}],"author":[{"embeddable":true,"href":"https:\/\/archive.sana.sy\/tr\/index.php?rest_route=\/wp\/v2\/users\/1"}],"replies":[{"embeddable":true,"href":"https:\/\/archive.sana.sy\/tr\/index.php?rest_route=%2Fwp%2Fv2%2Fcomments&post=11702"}],"version-history":[{"count":0,"href":"https:\/\/archive.sana.sy\/tr\/index.php?rest_route=\/wp\/v2\/posts\/11702\/revisions"}],"wp:featuredmedia":[{"embeddable":true,"href":"https:\/\/archive.sana.sy\/tr\/index.php?rest_route=\/wp\/v2\/media\/11703"}],"wp:attachment":[{"href":"https:\/\/archive.sana.sy\/tr\/index.php?rest_route=%2Fwp%2Fv2%2Fmedia&parent=11702"}],"wp:term":[{"taxonomy":"category","embeddable":true,"href":"https:\/\/archive.sana.sy\/tr\/index.php?rest_route=%2Fwp%2Fv2%2Fcategories&post=11702"},{"taxonomy":"post_tag","embeddable":true,"href":"https:\/\/archive.sana.sy\/tr\/index.php?rest_route=%2Fwp%2Fv2%2Ftags&post=11702"}],"curies":[{"name":"wp","href":"https:\/\/api.w.org\/{rel}","templated":true}]}}