{"id":11706,"date":"2014-09-29T17:17:00","date_gmt":"2014-09-29T14:17:00","guid":{"rendered":"http:\/\/www.sana.sy\/tr\/?p=11706"},"modified":"2014-09-29T17:17:00","modified_gmt":"2014-09-29T14:17:00","slug":"sivillere-havan-mermili-saldirilar-durmadi","status":"publish","type":"post","link":"https:\/\/archive.sana.sy\/tr\/?p=11706","title":{"rendered":"Sivillere Havan Mermili Sald\u0131r\u0131lar Durmad\u0131"},"content":{"rendered":"<p>\u015eAM \u2013 Ordunun y\u00f6neltti\u011fi a\u011f\u0131r darbeler alt\u0131nda ezilme tehlikesi ge\u00e7iren ter\u00f6rist \u00e7eteler, bi\u00e7are sivil vatanda\u015flara ve \u00f6zel m\u00fclklere sald\u0131rmaya devam etti.<\/p>\n<p>\u015eam k\u0131rsal\u0131nda Ke\u015fk\u00fcl B\u00f6lgesi ile Ceremana Kentine yap\u0131lan havan mermili sald\u0131r\u0131lar sonucu be\u015f vatanda\u015f yaral\u0131 d\u00fc\u015ft\u00fc, baz\u0131 arabalarda maddi hasar olu\u015ftu.<\/p>\n<p>D\u00fcn yine Cermana\u2019n\u0131n Kreyyat Semtine yap\u0131lan havan sald\u0131r\u0131s\u0131 iki \u00e7ocuk k\u0131z karde\u015fin yaralanmas\u0131na yol a\u00e7m\u0131\u015ft\u0131.<\/p>\n","protected":false},"excerpt":{"rendered":"<p>\u015eAM \u2013 Ordunun y\u00f6neltti\u011fi a\u011f\u0131r darbeler alt\u0131nda ezilme tehlikesi ge\u00e7iren ter\u00f6rist \u00e7eteler, bi\u00e7are sivil vatanda\u015flara ve \u00f6zel m\u00fclklere sald\u0131rmaya devam etti. \u015eam k\u0131rsal\u0131nda Ke\u015fk\u00fcl B\u00f6lgesi ile Ceremana Kentine yap\u0131lan havan mermili sald\u0131r\u0131lar sonucu be\u015f vatanda\u015f yaral\u0131 d\u00fc\u015ft\u00fc, baz\u0131 arabalarda maddi hasar olu\u015ftu. D\u00fcn yine Cermana\u2019n\u0131n Kreyyat Semtine yap\u0131lan havan sald\u0131r\u0131s\u0131 iki \u00e7ocuk k\u0131z karde\u015fin yaralanmas\u0131na &hellip;<\/p>\n","protected":false},"author":1,"featured_media":11707,"comment_status":"closed","ping_status":"closed","sticky":false,"template":"","format":"standard","meta":{"footnotes":""},"categories":[479,575,478],"tags":[2866],"class_list":["post-11706","post","type-post","status-publish","format-standard","has-post-thumbnail","","category-haberler-yerel","category-olaylar-ve-gercekler","category-yerel","tag-sivillere-havan-mermili-saldirilar-durmadi"],"_links":{"self":[{"href":"https:\/\/archive.sana.sy\/tr\/index.php?rest_route=\/wp\/v2\/posts\/11706","targetHints":{"allow":["GET"]}}],"collection":[{"href":"https:\/\/archive.sana.sy\/tr\/index.php?rest_route=\/wp\/v2\/posts"}],"about":[{"href":"https:\/\/archive.sana.sy\/tr\/index.php?rest_route=\/wp\/v2\/types\/post"}],"author":[{"embeddable":true,"href":"https:\/\/archive.sana.sy\/tr\/index.php?rest_route=\/wp\/v2\/users\/1"}],"replies":[{"embeddable":true,"href":"https:\/\/archive.sana.sy\/tr\/index.php?rest_route=%2Fwp%2Fv2%2Fcomments&post=11706"}],"version-history":[{"count":0,"href":"https:\/\/archive.sana.sy\/tr\/index.php?rest_route=\/wp\/v2\/posts\/11706\/revisions"}],"wp:featuredmedia":[{"embeddable":true,"href":"https:\/\/archive.sana.sy\/tr\/index.php?rest_route=\/wp\/v2\/media\/11707"}],"wp:attachment":[{"href":"https:\/\/archive.sana.sy\/tr\/index.php?rest_route=%2Fwp%2Fv2%2Fmedia&parent=11706"}],"wp:term":[{"taxonomy":"category","embeddable":true,"href":"https:\/\/archive.sana.sy\/tr\/index.php?rest_route=%2Fwp%2Fv2%2Fcategories&post=11706"},{"taxonomy":"post_tag","embeddable":true,"href":"https:\/\/archive.sana.sy\/tr\/index.php?rest_route=%2Fwp%2Fv2%2Ftags&post=11706"}],"curies":[{"name":"wp","href":"https:\/\/api.w.org\/{rel}","templated":true}]}}