{"id":117259,"date":"2017-06-24T15:06:30","date_gmt":"2017-06-24T12:06:30","guid":{"rendered":"http:\/\/www.sana.sy\/tr\/?p=117259"},"modified":"2017-06-25T15:11:36","modified_gmt":"2017-06-25T12:11:36","slug":"gundem-tarim-sektorunde-isbirligi","status":"publish","type":"post","link":"https:\/\/archive.sana.sy\/tr\/?p=117259","title":{"rendered":"G\u00fcndem Tar\u0131m Sekt\u00f6r\u00fcnde \u0130\u015fbirli\u011fi"},"content":{"rendered":"<p>\u015eAM \u2013 Tar\u0131m Bakan\u0131 Ahmet el Kadiri bug\u00fcn \u0130ran\u2019\u0131n \u015eam B\u00fcy\u00fckel\u00e7isi Cevat Turkabadi ile tar\u0131m sekt\u00f6r\u00fcnde iki \u00fclke aras\u0131ndaki ili\u015fkiler ve ortak \u00e7al\u0131\u015fmalar\u0131 peki\u015ftirme olanaklar\u0131n\u0131 masaya yat\u0131rd\u0131.<\/p>\n<p>G\u00f6r\u00fc\u015fmede Bakan Kadiri veterinerlikte kullan\u0131lan a\u015f\u0131 \u00fcretim fabrikas\u0131, tavuk kesim fabrikas\u0131 ve so\u011futucu depolar\u0131 ve hayvan yemi fabrikas\u0131 kurumunda ortak \u00e7al\u0131\u015fma projelerine \u0131\u015f\u0131k tuttu.<\/p>\n<p>\u0130ki \u00fclke aras\u0131nda imzalanan bir dizi anla\u015fma ve s\u00f6zle\u015fmenin hayata ge\u00e7irilmesi i\u00e7in gerekli haz\u0131rl\u0131klar\u0131n devam etti\u011fine dikkat \u00e7eken Tar\u0131m Bakan\u0131 Kadiri, bu anla\u015fmalar\u0131n bilimsel ara\u015ft\u0131rmalar, hayvan yeti\u015ftiriciyi bitkisel \u00fcretim ve daha ba\u015fka alanlarda ortak \u00e7al\u0131\u015fmalar kapsad\u0131\u011f\u0131n\u0131 a\u00e7\u0131klad\u0131.<\/p>\n<p>\u0130ran B\u00fcy\u00fckel\u00e7isi Turkabad ise \u00fclkesinin Suriye ile ekonomik, ticari ve ortak yat\u0131r\u0131m ili\u015fkilerini peki\u015ftirmeye b\u00fcy\u00fck \u00f6zen g\u00f6sterdi\u011fini s\u00f6yledi.<\/p>\n","protected":false},"excerpt":{"rendered":"<p>\u015eAM \u2013 Tar\u0131m Bakan\u0131 Ahmet el Kadiri bug\u00fcn \u0130ran\u2019\u0131n \u015eam B\u00fcy\u00fckel\u00e7isi Cevat Turkabadi ile tar\u0131m sekt\u00f6r\u00fcnde iki \u00fclke aras\u0131ndaki ili\u015fkiler ve ortak \u00e7al\u0131\u015fmalar\u0131 peki\u015ftirme olanaklar\u0131n\u0131 masaya yat\u0131rd\u0131. G\u00f6r\u00fc\u015fmede Bakan Kadiri veterinerlikte kullan\u0131lan a\u015f\u0131 \u00fcretim fabrikas\u0131, tavuk kesim fabrikas\u0131 ve so\u011futucu depolar\u0131 ve hayvan yemi fabrikas\u0131 kurumunda ortak \u00e7al\u0131\u015fma projelerine \u0131\u015f\u0131k tuttu. \u0130ki \u00fclke aras\u0131nda imzalanan &hellip;<\/p>\n","protected":false},"author":1,"featured_media":117260,"comment_status":"closed","ping_status":"closed","sticky":false,"template":"","format":"standard","meta":{"footnotes":""},"categories":[485,486,17988],"tags":[22469,30445,30447,24601,20976,22468,30446],"class_list":["post-117259","post","type-post","status-publish","format-standard","has-post-thumbnail","","category-is-ve-sermaye","category-haberler-is-ve-sermaye","category-son-haberler","tag-ahmet-kadiri","tag-cevat-turkabad","tag-hayvan-yetistiriciligi","tag-iran-buyukelcisi","tag-suriye-ve-iran","tag-tarim-bakani","tag-tarim-sekotrunde-isbilrigi"],"_links":{"self":[{"href":"https:\/\/archive.sana.sy\/tr\/index.php?rest_route=\/wp\/v2\/posts\/117259","targetHints":{"allow":["GET"]}}],"collection":[{"href":"https:\/\/archive.sana.sy\/tr\/index.php?rest_route=\/wp\/v2\/posts"}],"about":[{"href":"https:\/\/archive.sana.sy\/tr\/index.php?rest_route=\/wp\/v2\/types\/post"}],"author":[{"embeddable":true,"href":"https:\/\/archive.sana.sy\/tr\/index.php?rest_route=\/wp\/v2\/users\/1"}],"replies":[{"embeddable":true,"href":"https:\/\/archive.sana.sy\/tr\/index.php?rest_route=%2Fwp%2Fv2%2Fcomments&post=117259"}],"version-history":[{"count":0,"href":"https:\/\/archive.sana.sy\/tr\/index.php?rest_route=\/wp\/v2\/posts\/117259\/revisions"}],"wp:featuredmedia":[{"embeddable":true,"href":"https:\/\/archive.sana.sy\/tr\/index.php?rest_route=\/wp\/v2\/media\/117260"}],"wp:attachment":[{"href":"https:\/\/archive.sana.sy\/tr\/index.php?rest_route=%2Fwp%2Fv2%2Fmedia&parent=117259"}],"wp:term":[{"taxonomy":"category","embeddable":true,"href":"https:\/\/archive.sana.sy\/tr\/index.php?rest_route=%2Fwp%2Fv2%2Fcategories&post=117259"},{"taxonomy":"post_tag","embeddable":true,"href":"https:\/\/archive.sana.sy\/tr\/index.php?rest_route=%2Fwp%2Fv2%2Ftags&post=117259"}],"curies":[{"name":"wp","href":"https:\/\/api.w.org\/{rel}","templated":true}]}}