{"id":117262,"date":"2017-06-24T13:00:12","date_gmt":"2017-06-24T10:00:12","guid":{"rendered":"http:\/\/www.sana.sy\/tr\/?p=117262"},"modified":"2017-06-25T12:58:59","modified_gmt":"2017-06-25T09:58:59","slug":"gaddar-saldirilarin-kurbanlarinda-cocuk-ve-kadinlar-da-var","status":"publish","type":"post","link":"https:\/\/archive.sana.sy\/tr\/?p=117262","title":{"rendered":"Gaddar Sald\u0131r\u0131lar\u0131n Kurbanlar\u0131nda \u00c7ocuk ve Kad\u0131nlar da Var"},"content":{"rendered":"<p>\u0130LLER \u2013 Eli kanl\u0131 ter\u00f6ristlerin gerilimi azaltma b\u00f6lgeleri ve \u00e7at\u0131\u015fmalar\u0131 durdurma anla\u015fmalar\u0131na ihlalleri ve masum sivil vatanda\u015flara kar\u015f\u0131 gaddar sald\u0131r\u0131lar\u0131nda kurban gidenlerin aras\u0131nda \u00e7ocuk ve kad\u0131nlar da bulunuyor.<\/p>\n<p><span style=\"color: #0000ff\">HALEP:<\/span><\/p>\n<p>Halep Emniyet M\u00fcd\u00fcrl\u00fc\u011f\u00fcnde bir kaynak SANA\u2019ya a\u00e7\u0131klamas\u0131nda Halep k\u0131rsal\u0131n\u0131n bat\u0131s\u0131nda bulunan ter\u00f6ristlerin gece yar\u0131s\u0131nda Halep Kentinin Furkan Semtini f\u00fczeyle hedef ald\u0131klar\u0131n\u0131 belirtti.<\/p>\n<p>Kaynak f\u00fczenin Furkan \u00c7ar\u015f\u0131s\u0131na d\u00fc\u015fmesi sonucunda bir k\u0131sm\u0131 a\u011f\u0131r olmak \u00fczere 20 ki\u015finin yaralanmas\u0131na yol a\u00e7t\u0131\u011f\u0131n\u0131 aktard\u0131.<\/p>\n<p><span style=\"color: #0000ff\">DEYREZZOR:<\/span><\/p>\n<p>Bu arada Deyrezzor Valili\u011finde bir kaynak ise benzer bir a\u00e7\u0131klamada; radikal ter\u00f6r \u00f6rg\u00fct\u00fc I\u015e\u0130D\u2019in y\u0131llard\u0131r ku\u015fatma alt\u0131nda tuttu\u011fu Deyrezzor Kentinin sivil yerle\u015fim alanlar\u0131n\u0131 son 20 saat i\u00e7inde bir dizi havan roketi ve f\u00fczeyle hedef ald\u0131klar\u0131n\u0131 belirtti.<\/p>\n<p>Kaynak gaddar sald\u0131r\u0131larda aralar\u0131nda 2 \u00e7ocu\u011fun bulundu\u011fu 4 vatanda\u015f\u0131n \u015fehit, bir\u00e7o\u011fu kad\u0131n ve \u00e7ocuklardan ibaret 14 vatanda\u015f\u0131n da yaral\u0131 d\u00fc\u015ft\u00fc\u011f\u00fcn\u00fc dikkat \u00e7ekti.<\/p>\n","protected":false},"excerpt":{"rendered":"<p>\u0130LLER \u2013 Eli kanl\u0131 ter\u00f6ristlerin gerilimi azaltma b\u00f6lgeleri ve \u00e7at\u0131\u015fmalar\u0131 durdurma anla\u015fmalar\u0131na ihlalleri ve masum sivil vatanda\u015flara kar\u015f\u0131 gaddar sald\u0131r\u0131lar\u0131nda kurban gidenlerin aras\u0131nda \u00e7ocuk ve kad\u0131nlar da bulunuyor. HALEP: Halep Emniyet M\u00fcd\u00fcrl\u00fc\u011f\u00fcnde bir kaynak SANA\u2019ya a\u00e7\u0131klamas\u0131nda Halep k\u0131rsal\u0131n\u0131n bat\u0131s\u0131nda bulunan ter\u00f6ristlerin gece yar\u0131s\u0131nda Halep Kentinin Furkan Semtini f\u00fczeyle hedef ald\u0131klar\u0131n\u0131 belirtti. Kaynak f\u00fczenin Furkan \u00c7ar\u015f\u0131s\u0131na &hellip;<\/p>\n","protected":false},"author":1,"featured_media":117264,"comment_status":"closed","ping_status":"closed","sticky":false,"template":"","format":"standard","meta":{"footnotes":""},"categories":[479,575,17988,478],"tags":[18237,30449,30448,1132,18687,17273,2318,18174,16591,22182,19034,22181,18346],"class_list":["post-117262","post","type-post","status-publish","format-standard","has-post-thumbnail","","category-haberler-yerel","category-olaylar-ve-gercekler","category-son-haberler","category-yerel","tag-cihatcilar","tag-fuze-carsiya-dustu","tag-fuze-sadlrisi","tag-halep","tag-halep-kirsali","tag-havan-saldirisi","tag-isid","tag-sivillere-saldiri","tag-suriye","tag-suriyede-savas","tag-suriyeli-muhalifler","tag-suriyeliler","tag-teror-orgutler"],"_links":{"self":[{"href":"https:\/\/archive.sana.sy\/tr\/index.php?rest_route=\/wp\/v2\/posts\/117262","targetHints":{"allow":["GET"]}}],"collection":[{"href":"https:\/\/archive.sana.sy\/tr\/index.php?rest_route=\/wp\/v2\/posts"}],"about":[{"href":"https:\/\/archive.sana.sy\/tr\/index.php?rest_route=\/wp\/v2\/types\/post"}],"author":[{"embeddable":true,"href":"https:\/\/archive.sana.sy\/tr\/index.php?rest_route=\/wp\/v2\/users\/1"}],"replies":[{"embeddable":true,"href":"https:\/\/archive.sana.sy\/tr\/index.php?rest_route=%2Fwp%2Fv2%2Fcomments&post=117262"}],"version-history":[{"count":0,"href":"https:\/\/archive.sana.sy\/tr\/index.php?rest_route=\/wp\/v2\/posts\/117262\/revisions"}],"wp:featuredmedia":[{"embeddable":true,"href":"https:\/\/archive.sana.sy\/tr\/index.php?rest_route=\/wp\/v2\/media\/117264"}],"wp:attachment":[{"href":"https:\/\/archive.sana.sy\/tr\/index.php?rest_route=%2Fwp%2Fv2%2Fmedia&parent=117262"}],"wp:term":[{"taxonomy":"category","embeddable":true,"href":"https:\/\/archive.sana.sy\/tr\/index.php?rest_route=%2Fwp%2Fv2%2Fcategories&post=117262"},{"taxonomy":"post_tag","embeddable":true,"href":"https:\/\/archive.sana.sy\/tr\/index.php?rest_route=%2Fwp%2Fv2%2Ftags&post=117262"}],"curies":[{"name":"wp","href":"https:\/\/api.w.org\/{rel}","templated":true}]}}