{"id":117266,"date":"2017-06-24T14:32:46","date_gmt":"2017-06-24T11:32:46","guid":{"rendered":"http:\/\/www.sana.sy\/tr\/?p=117266"},"modified":"2017-06-25T13:37:39","modified_gmt":"2017-06-25T10:37:39","slug":"yuzlerce-tutuklu-serbest-birakildi","status":"publish","type":"post","link":"https:\/\/archive.sana.sy\/tr\/?p=117266","title":{"rendered":"Y\u00fczlerce Tutuklu Serbest B\u0131rak\u0131ld\u0131 (video)"},"content":{"rendered":"<p>\u015eAM \u2013 Adalet Bakan\u0131 Hi\u015fam el \u015eear bug\u00fcn; ulusal uzla\u015fmalar\u0131n peki\u015ftirilmesi amac\u0131yla bug\u00fcn muhtelif illerde y\u00fczlerce tutuklunun serbest b\u0131rak\u0131ld\u0131\u011f\u0131n\u0131 belirtti.<\/p>\n<p><a href=\"http:\/\/www.sana.sy\/tr\/wp-content\/uploads\/2017\/06\/AMR_7035.jpg\"><img loading=\"lazy\" decoding=\"async\" class=\"alignright wp-image-117273 size-medium\" src=\"http:\/\/www.sana.sy\/tr\/wp-content\/uploads\/2017\/06\/AMR_7035-300x221.jpg\" alt=\"\" width=\"300\" height=\"221\" srcset=\"https:\/\/archive.sana.sy\/tr\/wp-content\/uploads\/2017\/06\/AMR_7035-300x221.jpg 300w, https:\/\/archive.sana.sy\/tr\/wp-content\/uploads\/2017\/06\/AMR_7035-150x110.jpg 150w, https:\/\/archive.sana.sy\/tr\/wp-content\/uploads\/2017\/06\/AMR_7035-768x565.jpg 768w, https:\/\/archive.sana.sy\/tr\/wp-content\/uploads\/2017\/06\/AMR_7035-1024x754.jpg 1024w\" sizes=\"auto, (max-width: 300px) 100vw, 300px\" \/><\/a>Bakan \u015eear yapt\u0131\u011f\u0131 a\u00e7\u0131klamada; serbest b\u0131rak\u0131lan 672 ki\u015finin 588\u2019inin \u015eam Merkez Cezaevinden serbest b\u0131rak\u0131ld\u0131klar\u0131n\u0131 a\u00e7\u0131klarken, aralar\u0131nda 91 kad\u0131n\u0131n bulundu\u011funu s\u00f6yledi.<\/p>\n<p>Serbest b\u0131rak\u0131lanlar\u0131n bir k\u0131sm\u0131n\u0131n rutin ve normal mahkemelerde serbest yarg\u0131lanacaklar\u0131n\u0131 ifade eden Adalet Bakan\u0131 \u015eear; bu icraatlar\u0131n ulusal uzla\u015fmalar\u0131 peki\u015ftirece\u011fi gibi muhtelif nedenlerden dolay\u0131 vatan \u00e7izgisinden sapanlara yanl\u0131\u015flar\u0131n\u0131 d\u00fczeltme ve normal ya\u015famlar\u0131na d\u00f6nmelerine f\u0131rsat te\u015fkil edece\u011fine dikkat \u00e7ekti.<\/p>\n<p>Adalet Bakan\u0131 \u015eear Suriye ordusunun \u00fcst\u00fcn fedakarl\u0131klar\u0131, ulusal sorumluluklar\u0131 ve anayasal g\u00f6revleri \u00e7er\u00e7evesinde yurdun bir\u00e7ok b\u00f6lgesini ter\u00f6rden kurtar\u0131p vatanda\u015flar\u0131n can ve mal g\u00fcvenli\u011fini temin etti\u011finin alt\u0131n\u0131 \u00e7izdi.<\/p>\n<p>https:\/\/www.youtube.com\/watch?v=9FdexrQFZ2I<\/p>\n<div id='gallery-1' class='gallery galleryid-117266 gallery-columns-3 gallery-size-thumbnail'><figure class='gallery-item'>\n\t\t\t<div class='gallery-icon landscape'>\n\t\t\t\t<a href='https:\/\/archive.sana.sy\/tr\/wp-content\/uploads\/2017\/06\/AMR_7129.jpg'><img loading=\"lazy\" decoding=\"async\" width=\"150\" height=\"109\" src=\"https:\/\/archive.sana.sy\/tr\/wp-content\/uploads\/2017\/06\/AMR_7129-150x109.jpg\" class=\"attachment-thumbnail size-thumbnail\" alt=\"\" srcset=\"https:\/\/archive.sana.sy\/tr\/wp-content\/uploads\/2017\/06\/AMR_7129-150x109.jpg 150w, https:\/\/archive.sana.sy\/tr\/wp-content\/uploads\/2017\/06\/AMR_7129-300x217.jpg 300w, https:\/\/archive.sana.sy\/tr\/wp-content\/uploads\/2017\/06\/AMR_7129-768x557.jpg 768w, https:\/\/archive.sana.sy\/tr\/wp-content\/uploads\/2017\/06\/AMR_7129-1024x742.jpg 1024w\" sizes=\"auto, (max-width: 150px) 100vw, 150px\" \/><\/a>\n\t\t\t<\/div><\/figure><figure class='gallery-item'>\n\t\t\t<div class='gallery-icon landscape'>\n\t\t\t\t<a href='https:\/\/archive.sana.sy\/tr\/wp-content\/uploads\/2017\/06\/AMR_7133.jpg'><img loading=\"lazy\" decoding=\"async\" width=\"150\" height=\"99\" src=\"https:\/\/archive.sana.sy\/tr\/wp-content\/uploads\/2017\/06\/AMR_7133-150x99.jpg\" class=\"attachment-thumbnail size-thumbnail\" alt=\"\" srcset=\"https:\/\/archive.sana.sy\/tr\/wp-content\/uploads\/2017\/06\/AMR_7133-150x99.jpg 150w, https:\/\/archive.sana.sy\/tr\/wp-content\/uploads\/2017\/06\/AMR_7133-300x197.jpg 300w, https:\/\/archive.sana.sy\/tr\/wp-content\/uploads\/2017\/06\/AMR_7133-768x506.jpg 768w, https:\/\/archive.sana.sy\/tr\/wp-content\/uploads\/2017\/06\/AMR_7133-1024x674.jpg 1024w, https:\/\/archive.sana.sy\/tr\/wp-content\/uploads\/2017\/06\/AMR_7133-310x205.jpg 310w\" sizes=\"auto, (max-width: 150px) 100vw, 150px\" \/><\/a>\n\t\t\t<\/div><\/figure><figure class='gallery-item'>\n\t\t\t<div class='gallery-icon landscape'>\n\t\t\t\t<a href='https:\/\/archive.sana.sy\/tr\/wp-content\/uploads\/2017\/06\/AMR_7135.jpg'><img loading=\"lazy\" decoding=\"async\" width=\"150\" height=\"91\" src=\"https:\/\/archive.sana.sy\/tr\/wp-content\/uploads\/2017\/06\/AMR_7135-150x91.jpg\" class=\"attachment-thumbnail size-thumbnail\" alt=\"\" srcset=\"https:\/\/archive.sana.sy\/tr\/wp-content\/uploads\/2017\/06\/AMR_7135-150x91.jpg 150w, https:\/\/archive.sana.sy\/tr\/wp-content\/uploads\/2017\/06\/AMR_7135-300x182.jpg 300w, https:\/\/archive.sana.sy\/tr\/wp-content\/uploads\/2017\/06\/AMR_7135-768x466.jpg 768w, https:\/\/archive.sana.sy\/tr\/wp-content\/uploads\/2017\/06\/AMR_7135-1024x621.jpg 1024w\" sizes=\"auto, (max-width: 150px) 100vw, 150px\" \/><\/a>\n\t\t\t<\/div><\/figure><figure class='gallery-item'>\n\t\t\t<div class='gallery-icon landscape'>\n\t\t\t\t<a href='https:\/\/archive.sana.sy\/tr\/wp-content\/uploads\/2017\/06\/AMR_7136.jpg'><img loading=\"lazy\" decoding=\"async\" width=\"150\" height=\"104\" src=\"https:\/\/archive.sana.sy\/tr\/wp-content\/uploads\/2017\/06\/AMR_7136-150x104.jpg\" class=\"attachment-thumbnail size-thumbnail\" alt=\"\" srcset=\"https:\/\/archive.sana.sy\/tr\/wp-content\/uploads\/2017\/06\/AMR_7136-150x104.jpg 150w, https:\/\/archive.sana.sy\/tr\/wp-content\/uploads\/2017\/06\/AMR_7136-300x208.jpg 300w, https:\/\/archive.sana.sy\/tr\/wp-content\/uploads\/2017\/06\/AMR_7136-768x532.jpg 768w, https:\/\/archive.sana.sy\/tr\/wp-content\/uploads\/2017\/06\/AMR_7136-1024x710.jpg 1024w, https:\/\/archive.sana.sy\/tr\/wp-content\/uploads\/2017\/06\/AMR_7136-110x75.jpg 110w\" sizes=\"auto, (max-width: 150px) 100vw, 150px\" \/><\/a>\n\t\t\t<\/div><\/figure><figure class='gallery-item'>\n\t\t\t<div class='gallery-icon landscape'>\n\t\t\t\t<a href='https:\/\/archive.sana.sy\/tr\/wp-content\/uploads\/2017\/06\/AMR_7147.jpg'><img loading=\"lazy\" decoding=\"async\" width=\"150\" height=\"107\" src=\"https:\/\/archive.sana.sy\/tr\/wp-content\/uploads\/2017\/06\/AMR_7147-150x107.jpg\" class=\"attachment-thumbnail size-thumbnail\" alt=\"\" srcset=\"https:\/\/archive.sana.sy\/tr\/wp-content\/uploads\/2017\/06\/AMR_7147-150x107.jpg 150w, https:\/\/archive.sana.sy\/tr\/wp-content\/uploads\/2017\/06\/AMR_7147-300x214.jpg 300w, https:\/\/archive.sana.sy\/tr\/wp-content\/uploads\/2017\/06\/AMR_7147-768x549.jpg 768w, https:\/\/archive.sana.sy\/tr\/wp-content\/uploads\/2017\/06\/AMR_7147-1024x731.jpg 1024w\" sizes=\"auto, (max-width: 150px) 100vw, 150px\" \/><\/a>\n\t\t\t<\/div><\/figure><figure class='gallery-item'>\n\t\t\t<div class='gallery-icon landscape'>\n\t\t\t\t<a href='https:\/\/archive.sana.sy\/tr\/wp-content\/uploads\/2017\/06\/AMR_7038.jpg'><img loading=\"lazy\" decoding=\"async\" width=\"150\" height=\"87\" src=\"https:\/\/archive.sana.sy\/tr\/wp-content\/uploads\/2017\/06\/AMR_7038-150x87.jpg\" class=\"attachment-thumbnail size-thumbnail\" alt=\"\" srcset=\"https:\/\/archive.sana.sy\/tr\/wp-content\/uploads\/2017\/06\/AMR_7038-150x87.jpg 150w, https:\/\/archive.sana.sy\/tr\/wp-content\/uploads\/2017\/06\/AMR_7038-300x174.jpg 300w, https:\/\/archive.sana.sy\/tr\/wp-content\/uploads\/2017\/06\/AMR_7038-768x444.jpg 768w, https:\/\/archive.sana.sy\/tr\/wp-content\/uploads\/2017\/06\/AMR_7038-1024x592.jpg 1024w\" sizes=\"auto, (max-width: 150px) 100vw, 150px\" \/><\/a>\n\t\t\t<\/div><\/figure><figure class='gallery-item'>\n\t\t\t<div class='gallery-icon landscape'>\n\t\t\t\t<a href='https:\/\/archive.sana.sy\/tr\/wp-content\/uploads\/2017\/06\/AMR_7040.jpg'><img loading=\"lazy\" decoding=\"async\" width=\"150\" height=\"103\" src=\"https:\/\/archive.sana.sy\/tr\/wp-content\/uploads\/2017\/06\/AMR_7040-150x103.jpg\" class=\"attachment-thumbnail size-thumbnail\" alt=\"\" srcset=\"https:\/\/archive.sana.sy\/tr\/wp-content\/uploads\/2017\/06\/AMR_7040-150x103.jpg 150w, https:\/\/archive.sana.sy\/tr\/wp-content\/uploads\/2017\/06\/AMR_7040-300x207.jpg 300w, https:\/\/archive.sana.sy\/tr\/wp-content\/uploads\/2017\/06\/AMR_7040-768x530.jpg 768w, https:\/\/archive.sana.sy\/tr\/wp-content\/uploads\/2017\/06\/AMR_7040-1024x706.jpg 1024w, https:\/\/archive.sana.sy\/tr\/wp-content\/uploads\/2017\/06\/AMR_7040-110x75.jpg 110w\" sizes=\"auto, (max-width: 150px) 100vw, 150px\" \/><\/a>\n\t\t\t<\/div><\/figure><figure class='gallery-item'>\n\t\t\t<div class='gallery-icon landscape'>\n\t\t\t\t<a href='https:\/\/archive.sana.sy\/tr\/wp-content\/uploads\/2017\/06\/AMR_7052.jpg'><img loading=\"lazy\" decoding=\"async\" width=\"150\" height=\"89\" src=\"https:\/\/archive.sana.sy\/tr\/wp-content\/uploads\/2017\/06\/AMR_7052-150x89.jpg\" class=\"attachment-thumbnail size-thumbnail\" alt=\"\" srcset=\"https:\/\/archive.sana.sy\/tr\/wp-content\/uploads\/2017\/06\/AMR_7052-150x89.jpg 150w, https:\/\/archive.sana.sy\/tr\/wp-content\/uploads\/2017\/06\/AMR_7052-300x178.jpg 300w, https:\/\/archive.sana.sy\/tr\/wp-content\/uploads\/2017\/06\/AMR_7052-768x457.jpg 768w, https:\/\/archive.sana.sy\/tr\/wp-content\/uploads\/2017\/06\/AMR_7052-1024x609.jpg 1024w\" sizes=\"auto, (max-width: 150px) 100vw, 150px\" \/><\/a>\n\t\t\t<\/div><\/figure><figure class='gallery-item'>\n\t\t\t<div class='gallery-icon landscape'>\n\t\t\t\t<a href='https:\/\/archive.sana.sy\/tr\/wp-content\/uploads\/2017\/06\/AMR_7063.jpg'><img loading=\"lazy\" decoding=\"async\" width=\"150\" height=\"100\" src=\"https:\/\/archive.sana.sy\/tr\/wp-content\/uploads\/2017\/06\/AMR_7063-150x100.jpg\" class=\"attachment-thumbnail size-thumbnail\" alt=\"\" srcset=\"https:\/\/archive.sana.sy\/tr\/wp-content\/uploads\/2017\/06\/AMR_7063-150x100.jpg 150w, https:\/\/archive.sana.sy\/tr\/wp-content\/uploads\/2017\/06\/AMR_7063-300x199.jpg 300w, https:\/\/archive.sana.sy\/tr\/wp-content\/uploads\/2017\/06\/AMR_7063-768x510.jpg 768w, https:\/\/archive.sana.sy\/tr\/wp-content\/uploads\/2017\/06\/AMR_7063-1024x680.jpg 1024w, https:\/\/archive.sana.sy\/tr\/wp-content\/uploads\/2017\/06\/AMR_7063-310x205.jpg 310w\" sizes=\"auto, (max-width: 150px) 100vw, 150px\" \/><\/a>\n\t\t\t<\/div><\/figure><figure class='gallery-item'>\n\t\t\t<div class='gallery-icon landscape'>\n\t\t\t\t<a href='https:\/\/archive.sana.sy\/tr\/wp-content\/uploads\/2017\/06\/AMR_7107.jpg'><img loading=\"lazy\" decoding=\"async\" width=\"150\" height=\"122\" src=\"https:\/\/archive.sana.sy\/tr\/wp-content\/uploads\/2017\/06\/AMR_7107-150x122.jpg\" class=\"attachment-thumbnail size-thumbnail\" alt=\"\" srcset=\"https:\/\/archive.sana.sy\/tr\/wp-content\/uploads\/2017\/06\/AMR_7107-150x122.jpg 150w, https:\/\/archive.sana.sy\/tr\/wp-content\/uploads\/2017\/06\/AMR_7107-300x244.jpg 300w, https:\/\/archive.sana.sy\/tr\/wp-content\/uploads\/2017\/06\/AMR_7107-768x624.jpg 768w, https:\/\/archive.sana.sy\/tr\/wp-content\/uploads\/2017\/06\/AMR_7107-1024x831.jpg 1024w\" sizes=\"auto, (max-width: 150px) 100vw, 150px\" \/><\/a>\n\t\t\t<\/div><\/figure><figure class='gallery-item'>\n\t\t\t<div class='gallery-icon landscape'>\n\t\t\t\t<a href='https:\/\/archive.sana.sy\/tr\/wp-content\/uploads\/2017\/06\/AMR_7119.jpg'><img loading=\"lazy\" decoding=\"async\" width=\"150\" height=\"98\" src=\"https:\/\/archive.sana.sy\/tr\/wp-content\/uploads\/2017\/06\/AMR_7119-150x98.jpg\" class=\"attachment-thumbnail size-thumbnail\" alt=\"\" srcset=\"https:\/\/archive.sana.sy\/tr\/wp-content\/uploads\/2017\/06\/AMR_7119-150x98.jpg 150w, https:\/\/archive.sana.sy\/tr\/wp-content\/uploads\/2017\/06\/AMR_7119-300x196.jpg 300w, https:\/\/archive.sana.sy\/tr\/wp-content\/uploads\/2017\/06\/AMR_7119-768x503.jpg 768w, https:\/\/archive.sana.sy\/tr\/wp-content\/uploads\/2017\/06\/AMR_7119-1024x670.jpg 1024w, https:\/\/archive.sana.sy\/tr\/wp-content\/uploads\/2017\/06\/AMR_7119-310x205.jpg 310w\" sizes=\"auto, (max-width: 150px) 100vw, 150px\" \/><\/a>\n\t\t\t<\/div><\/figure><figure class='gallery-item'>\n\t\t\t<div class='gallery-icon landscape'>\n\t\t\t\t<a href='https:\/\/archive.sana.sy\/tr\/wp-content\/uploads\/2017\/06\/AMR_7124.jpg'><img loading=\"lazy\" decoding=\"async\" width=\"150\" height=\"96\" src=\"https:\/\/archive.sana.sy\/tr\/wp-content\/uploads\/2017\/06\/AMR_7124-150x96.jpg\" class=\"attachment-thumbnail size-thumbnail\" alt=\"\" srcset=\"https:\/\/archive.sana.sy\/tr\/wp-content\/uploads\/2017\/06\/AMR_7124-150x96.jpg 150w, https:\/\/archive.sana.sy\/tr\/wp-content\/uploads\/2017\/06\/AMR_7124-300x193.jpg 300w, https:\/\/archive.sana.sy\/tr\/wp-content\/uploads\/2017\/06\/AMR_7124-768x494.jpg 768w, https:\/\/archive.sana.sy\/tr\/wp-content\/uploads\/2017\/06\/AMR_7124-1024x658.jpg 1024w\" sizes=\"auto, (max-width: 150px) 100vw, 150px\" \/><\/a>\n\t\t\t<\/div><\/figure>\n\t\t<\/div>\n\n","protected":false},"excerpt":{"rendered":"<p>\u015eAM \u2013 Adalet Bakan\u0131 Hi\u015fam el \u015eear bug\u00fcn; ulusal uzla\u015fmalar\u0131n peki\u015ftirilmesi amac\u0131yla bug\u00fcn muhtelif illerde y\u00fczlerce tutuklunun serbest b\u0131rak\u0131ld\u0131\u011f\u0131n\u0131 belirtti. Bakan \u015eear yapt\u0131\u011f\u0131 a\u00e7\u0131klamada; serbest b\u0131rak\u0131lan 672 ki\u015finin 588\u2019inin \u015eam Merkez Cezaevinden serbest b\u0131rak\u0131ld\u0131klar\u0131n\u0131 a\u00e7\u0131klarken, aralar\u0131nda 91 kad\u0131n\u0131n bulundu\u011funu s\u00f6yledi. Serbest b\u0131rak\u0131lanlar\u0131n bir k\u0131sm\u0131n\u0131n rutin ve normal mahkemelerde serbest yarg\u0131lanacaklar\u0131n\u0131 ifade eden Adalet Bakan\u0131 \u015eear; &hellip;<\/p>\n","protected":false},"author":1,"featured_media":117288,"comment_status":"closed","ping_status":"closed","sticky":false,"template":"","format":"standard","meta":{"footnotes":""},"categories":[596,479,17988,478],"tags":[25231,19727,30452,30451,30453,30454,16591,18574,30450,19034,22181,30455,20555],"class_list":["post-117266","post","type-post","status-publish","format-standard","has-post-thumbnail","","category-fotografli-raporlar","category-haberler-yerel","category-son-haberler","category-yerel","tag-adalet-bakani","tag-hisam-el-sear","tag-merkez-ceza-evi","tag-sam-cezaevi","tag-sam-merkez-cezaevi","tag-serbest-birakma","tag-suriye","tag-suriye-krizi","tag-suriyede-uzlasma","tag-suriyeli-muhalifler","tag-suriyeliler","tag-tutuklular-serbest-birakildi","tag-ulusal-uzlsama"],"_links":{"self":[{"href":"https:\/\/archive.sana.sy\/tr\/index.php?rest_route=\/wp\/v2\/posts\/117266","targetHints":{"allow":["GET"]}}],"collection":[{"href":"https:\/\/archive.sana.sy\/tr\/index.php?rest_route=\/wp\/v2\/posts"}],"about":[{"href":"https:\/\/archive.sana.sy\/tr\/index.php?rest_route=\/wp\/v2\/types\/post"}],"author":[{"embeddable":true,"href":"https:\/\/archive.sana.sy\/tr\/index.php?rest_route=\/wp\/v2\/users\/1"}],"replies":[{"embeddable":true,"href":"https:\/\/archive.sana.sy\/tr\/index.php?rest_route=%2Fwp%2Fv2%2Fcomments&post=117266"}],"version-history":[{"count":0,"href":"https:\/\/archive.sana.sy\/tr\/index.php?rest_route=\/wp\/v2\/posts\/117266\/revisions"}],"wp:featuredmedia":[{"embeddable":true,"href":"https:\/\/archive.sana.sy\/tr\/index.php?rest_route=\/wp\/v2\/media\/117288"}],"wp:attachment":[{"href":"https:\/\/archive.sana.sy\/tr\/index.php?rest_route=%2Fwp%2Fv2%2Fmedia&parent=117266"}],"wp:term":[{"taxonomy":"category","embeddable":true,"href":"https:\/\/archive.sana.sy\/tr\/index.php?rest_route=%2Fwp%2Fv2%2Fcategories&post=117266"},{"taxonomy":"post_tag","embeddable":true,"href":"https:\/\/archive.sana.sy\/tr\/index.php?rest_route=%2Fwp%2Fv2%2Ftags&post=117266"}],"curies":[{"name":"wp","href":"https:\/\/api.w.org\/{rel}","templated":true}]}}