{"id":117272,"date":"2017-06-24T13:35:40","date_gmt":"2017-06-24T10:35:40","guid":{"rendered":"http:\/\/www.sana.sy\/tr\/?p=117272"},"modified":"2017-06-25T15:11:02","modified_gmt":"2017-06-25T12:11:02","slug":"karate-takimi-asya-kupasina-hazirlaniyor","status":"publish","type":"post","link":"https:\/\/archive.sana.sy\/tr\/?p=117272","title":{"rendered":"Karate Tak\u0131m\u0131 Asya Kupas\u0131na Haz\u0131rlan\u0131yor"},"content":{"rendered":"<p>\u015eAM \u2013 Karate tak\u0131m\u0131, 09 Temmuz tarihinde Kazakistan\u2019\u0131n ba\u015fkenti Astana\u2019da d\u00fczenlenecek Asya Karate \u015eampiyonas\u0131na haz\u0131rl\u0131k olarak bug\u00fcn \u015eam\u2019\u0131n Mezze Semtindeki Cela Stadyumunda kapal\u0131 e\u011fitim kamp\u0131na girdi.<\/p>\n<p>Karate Federasyonu Ba\u015fkan\u0131 Cihat Meyya SANA\u2019ya yapt\u0131\u011f\u0131 a\u00e7\u0131klamada; 09-17 Temuz tarihleri aras\u0131nda Astana\u2019da d\u00fczenlenecek Asya Karate \u015eampiyonas\u0131na Japonya dahil d\u00fcnyan\u0131n bir\u00e7ok karate tak\u0131m\u0131n\u0131n kat\u0131lmas\u0131yla Suriye tak\u0131m\u0131n\u0131n bu \u015fampiyonaya kat\u0131l\u0131m\u0131n\u0131n deneyim ve ba\u015far\u0131 kaydetme a\u00e7\u0131s\u0131ndan \u00f6nemli bir f\u0131rsat te\u015fkil etti\u011fine dikkat \u00e7ekti.<\/p>\n<p>Suriye&#8217;de karate sporunun \u00f6nemli ve ba\u015far\u0131l\u0131 sporlardan biri oldu\u011funu ifade eden Meyya; Asya \u015eampiyonas\u0131nda bunu kan\u0131tlayacak ba\u015far\u0131lara imza atma umudunda oldu\u011funu kaydetti.<\/p>\n","protected":false},"excerpt":{"rendered":"<p>\u015eAM \u2013 Karate tak\u0131m\u0131, 09 Temmuz tarihinde Kazakistan\u2019\u0131n ba\u015fkenti Astana\u2019da d\u00fczenlenecek Asya Karate \u015eampiyonas\u0131na haz\u0131rl\u0131k olarak bug\u00fcn \u015eam\u2019\u0131n Mezze Semtindeki Cela Stadyumunda kapal\u0131 e\u011fitim kamp\u0131na girdi. Karate Federasyonu Ba\u015fkan\u0131 Cihat Meyya SANA\u2019ya yapt\u0131\u011f\u0131 a\u00e7\u0131klamada; 09-17 Temuz tarihleri aras\u0131nda Astana\u2019da d\u00fczenlenecek Asya Karate \u015eampiyonas\u0131na Japonya dahil d\u00fcnyan\u0131n bir\u00e7ok karate tak\u0131m\u0131n\u0131n kat\u0131lmas\u0131yla Suriye tak\u0131m\u0131n\u0131n bu \u015fampiyonaya kat\u0131l\u0131m\u0131n\u0131n &hellip;<\/p>\n","protected":false},"author":1,"featured_media":117289,"comment_status":"closed","ping_status":"closed","sticky":false,"template":"","format":"standard","meta":{"footnotes":""},"categories":[498,17988,496],"tags":[30459,30457,26133,30458,16591,26131,30456,24433,22181,30460],"class_list":["post-117272","post","type-post","status-publish","format-standard","has-post-thumbnail","","category-dunya-turnuvalari","category-son-haberler","category-spor","tag-asya-karate-sampiyonasi","tag-cihat-meyya","tag-karate","tag-karate-federasyonu","tag-suriye","tag-suriyede-spor","tag-suriyede-karate","tag-suriyede-yasam","tag-suriyeliler","tag-suriyenin-katilimi"],"_links":{"self":[{"href":"https:\/\/archive.sana.sy\/tr\/index.php?rest_route=\/wp\/v2\/posts\/117272","targetHints":{"allow":["GET"]}}],"collection":[{"href":"https:\/\/archive.sana.sy\/tr\/index.php?rest_route=\/wp\/v2\/posts"}],"about":[{"href":"https:\/\/archive.sana.sy\/tr\/index.php?rest_route=\/wp\/v2\/types\/post"}],"author":[{"embeddable":true,"href":"https:\/\/archive.sana.sy\/tr\/index.php?rest_route=\/wp\/v2\/users\/1"}],"replies":[{"embeddable":true,"href":"https:\/\/archive.sana.sy\/tr\/index.php?rest_route=%2Fwp%2Fv2%2Fcomments&post=117272"}],"version-history":[{"count":0,"href":"https:\/\/archive.sana.sy\/tr\/index.php?rest_route=\/wp\/v2\/posts\/117272\/revisions"}],"wp:featuredmedia":[{"embeddable":true,"href":"https:\/\/archive.sana.sy\/tr\/index.php?rest_route=\/wp\/v2\/media\/117289"}],"wp:attachment":[{"href":"https:\/\/archive.sana.sy\/tr\/index.php?rest_route=%2Fwp%2Fv2%2Fmedia&parent=117272"}],"wp:term":[{"taxonomy":"category","embeddable":true,"href":"https:\/\/archive.sana.sy\/tr\/index.php?rest_route=%2Fwp%2Fv2%2Fcategories&post=117272"},{"taxonomy":"post_tag","embeddable":true,"href":"https:\/\/archive.sana.sy\/tr\/index.php?rest_route=%2Fwp%2Fv2%2Ftags&post=117272"}],"curies":[{"name":"wp","href":"https:\/\/api.w.org\/{rel}","templated":true}]}}