{"id":11736,"date":"2014-09-30T01:50:51","date_gmt":"2014-09-29T22:50:51","guid":{"rendered":"http:\/\/www.sana.sy\/tr\/?p=11736"},"modified":"2014-09-30T01:50:05","modified_gmt":"2014-09-29T22:50:05","slug":"insan-haklari-izleme-orgutu-hak-ve-ozgurluklerin-gerilemesini-kinadi","status":"publish","type":"post","link":"https:\/\/archive.sana.sy\/tr\/?p=11736","title":{"rendered":"\u0130nsan Haklar\u0131 \u0130zleme \u00d6rg\u00fct\u00fc T\u00fcrkiye&#8217;de Hak ve \u00d6zg\u00fcrl\u00fcklerin Gerilemesini K\u0131nad\u0131"},"content":{"rendered":"<p>ANKARA \u2013 \u0130nsan Haklar\u0131 \u0130zleme \u00d6rg\u00fct\u00fc (HRW),T\u00fcrkiye\u2019de Cumhurba\u015fkan\u0131 Recep Tayip Erdo\u011fan ve AKP\u00a0 ba\u015fkanl\u0131\u011f\u0131nda izlenen politika sonucunda, hak ve \u00f6zg\u00fcrl\u00fcklerin; yarg\u0131 ve bas\u0131n\u0131 ba\u011f\u0131ms\u0131zl\u0131\u011f\u0131n\u0131 tehdit edecek kadar gerilemesini kayg\u0131 verici olarak nitelendirdi ve k\u0131nad\u0131.<\/p>\n<p>T\u00fcrkiye\u2019de bas\u0131n ve internet ile ilgili denetim ve bask\u0131lar\u0131n yan\u0131 s\u0131ra ele\u015ftirmenlere ve bar\u0131\u015f\u00e7\u0131l eylemcilere kar\u015f\u0131 izlenen \u015fiddet politikas\u0131n\u0131 ele\u015ftiren \u0130nsan Haklar\u0131 \u0130zleme \u00d6rg\u00fct\u00fc, \u201cT\u00fcrkiye\u2019de \u0130nsan Haklar\u0131n\u0131n Yeniden Kazan\u0131lmas\u0131 ve Reform Tavsiyeleri\u201d ba\u015fl\u0131kl\u0131 raporunda T\u00fcrkiye Cumhurba\u015fkan\u0131 ve AKP h\u00fck\u00fcmetinin hukukun egemenli\u011finden uzak ad\u0131mlar atarak bas\u0131n ve internet \u00fczerinde hakimiyet kurmakla birlikte ele\u015ftirmen ve bar\u0131\u015f\u00e7\u0131l g\u00f6stericilerin \u00e7emberini daraltmaya \u00e7al\u0131\u015ft\u0131klar\u0131n\u0131 beyan etti.<\/p>\n<p>T\u00fcrkiye\u2019de insan haklar\u0131 ve hukuk egemenli\u011finin gerilemesi durumuna \u0131\u015f\u0131k tutan \u0130nsan Haklar\u0131 \u0130zleme \u00d6rg\u00fct\u00fc; 2013 y\u0131l\u0131nda ger\u00e7ekle\u015ftirilen ve d\u00fcnya kamuoyunda geni\u015f yer tutan AKP h\u00fck\u00fcmetini protesto g\u00f6sterileri ve h\u00fck\u00fcmetin merkezinde bir f\u0131rt\u0131na etkisi yaratan yolsuzluk ithamlar\u0131ndan sonda \u00f6zg\u00fcrl\u00fcklerin daha fazla k\u0131s\u0131tland\u0131\u011f\u0131n\u0131 ve bask\u0131lar\u0131n artt\u0131\u011f\u0131n\u0131 ortaya koydu.<\/p>\n<p>H\u00fck\u00fcmete insan haklar\u0131n\u0131 peki\u015ftirme, yarg\u0131 sisteminde reform yapma, aile i\u00e7i kad\u0131na \u015fiddete son verme ve ifade-bas\u0131n \u00f6zg\u00fcrl\u00fc\u011f\u00fcne getirilen k\u0131s\u0131tlamalar\u0131n ortadan kald\u0131r\u0131lmas\u0131 gibi somut tavsiyelerde bulunan \u0130nsan Haklar\u0131n\u0131 \u0130zleme \u00d6rg\u00fct\u00fc; 2013 y\u0131l\u0131nda \u0130stanbul\u2019da ba\u015flayarak di\u011fer illere yay\u0131lan bar\u0131\u015f\u00e7\u0131l g\u00f6sterilere kar\u015f\u0131 T\u00fcrkiye h\u00fck\u00fcmetinin \u015fiddetle cevap vermesinin d\u00fcnya kamuoyunda derin izler b\u0131rakt\u0131\u011f\u0131n\u0131 beyan etti.<\/p>\n<p>\u00d6te yandan 2013 Aral\u0131k ay\u0131nda AKP h\u00fck\u00fcmeti ileri gelenleri ve ailelerinin yolsuzlu\u011fa kar\u0131\u015fm\u0131\u015f olduklar\u0131n\u0131n ortaya \u00e7\u0131kart\u0131lmas\u0131yla ba\u015flayan olaylar\u0131n AKP\u2019nin bir i\u00e7 sorunu haline geldi\u011fine i\u015faret eden \u00d6rg\u00fct; ayn\u0131 operasyonda o zamanlar Ba\u015fbakan olan Erdo\u011fan\u2019\u0131n o\u011flunun da yolsuzluk itham\u0131yla g\u00f6zalt\u0131na al\u0131nanlar aras\u0131nda yer ald\u0131\u011f\u0131na dikkat \u00e7ekti.<\/p>\n","protected":false},"excerpt":{"rendered":"<p>ANKARA \u2013 \u0130nsan Haklar\u0131 \u0130zleme \u00d6rg\u00fct\u00fc (HRW),T\u00fcrkiye\u2019de Cumhurba\u015fkan\u0131 Recep Tayip Erdo\u011fan ve AKP\u00a0 ba\u015fkanl\u0131\u011f\u0131nda izlenen politika sonucunda, hak ve \u00f6zg\u00fcrl\u00fcklerin; yarg\u0131 ve bas\u0131n\u0131 ba\u011f\u0131ms\u0131zl\u0131\u011f\u0131n\u0131 tehdit edecek kadar gerilemesini kayg\u0131 verici olarak nitelendirdi ve k\u0131nad\u0131. T\u00fcrkiye\u2019de bas\u0131n ve internet ile ilgili denetim ve bask\u0131lar\u0131n yan\u0131 s\u0131ra ele\u015ftirmenlere ve bar\u0131\u015f\u00e7\u0131l eylemcilere kar\u015f\u0131 izlenen \u015fiddet politikas\u0131n\u0131 ele\u015ftiren \u0130nsan &hellip;<\/p>\n","protected":false},"author":1,"featured_media":11737,"comment_status":"closed","ping_status":"closed","sticky":false,"template":"","format":"standard","meta":{"footnotes":""},"categories":[458,459,447,2554,2555],"tags":[2870,2876],"class_list":["post-11736","post","type-post","status-publish","format-standard","has-post-thumbnail","","category-dunya1","category-haberler-arap-uluslararasi-politika","category-politika","category-suriye-ve-dunya","category-suriye-ve-turkiye","tag-insan-haklari-izleme-orgutu-hak-ve-ozgurluklerin-gerilemesini-kinadi","tag-insan-haklari-izleme-orgutu-turkiyede-hak-ve-ozgurluklerin-gerilemesini-kinadi"],"_links":{"self":[{"href":"https:\/\/archive.sana.sy\/tr\/index.php?rest_route=\/wp\/v2\/posts\/11736","targetHints":{"allow":["GET"]}}],"collection":[{"href":"https:\/\/archive.sana.sy\/tr\/index.php?rest_route=\/wp\/v2\/posts"}],"about":[{"href":"https:\/\/archive.sana.sy\/tr\/index.php?rest_route=\/wp\/v2\/types\/post"}],"author":[{"embeddable":true,"href":"https:\/\/archive.sana.sy\/tr\/index.php?rest_route=\/wp\/v2\/users\/1"}],"replies":[{"embeddable":true,"href":"https:\/\/archive.sana.sy\/tr\/index.php?rest_route=%2Fwp%2Fv2%2Fcomments&post=11736"}],"version-history":[{"count":0,"href":"https:\/\/archive.sana.sy\/tr\/index.php?rest_route=\/wp\/v2\/posts\/11736\/revisions"}],"wp:featuredmedia":[{"embeddable":true,"href":"https:\/\/archive.sana.sy\/tr\/index.php?rest_route=\/wp\/v2\/media\/11737"}],"wp:attachment":[{"href":"https:\/\/archive.sana.sy\/tr\/index.php?rest_route=%2Fwp%2Fv2%2Fmedia&parent=11736"}],"wp:term":[{"taxonomy":"category","embeddable":true,"href":"https:\/\/archive.sana.sy\/tr\/index.php?rest_route=%2Fwp%2Fv2%2Fcategories&post=11736"},{"taxonomy":"post_tag","embeddable":true,"href":"https:\/\/archive.sana.sy\/tr\/index.php?rest_route=%2Fwp%2Fv2%2Ftags&post=11736"}],"curies":[{"name":"wp","href":"https:\/\/api.w.org\/{rel}","templated":true}]}}