{"id":11739,"date":"2014-09-29T23:06:29","date_gmt":"2014-09-29T20:06:29","guid":{"rendered":"http:\/\/www.sana.sy\/tr\/?p=11739"},"modified":"2014-09-30T08:45:29","modified_gmt":"2014-09-30T05:45:29","slug":"sondus-kurumu-vatandasin-ihtiyaclarini-karsilamasini-kolaylastiriyor","status":"publish","type":"post","link":"https:\/\/archive.sana.sy\/tr\/?p=11739","title":{"rendered":"SUNDUS Kurumu Vatanda\u015f\u0131n \u0130htiya\u00e7lar\u0131n\u0131 Kar\u015f\u0131lamas\u0131n\u0131 Kolayla\u015ft\u0131r\u0131yor"},"content":{"rendered":"<p>\u015eAM \u2013 \u0130\u00e7 Ticaret ve T\u00fcketiciyi Koruma Bakan\u0131 Hassan Safiye; pozitif m\u00fcdahale kurumlar\u0131n\u0131n, vatanda\u015flar\u0131n acil ihtiya\u00e7 malzemelerinin temin edilmesinde oynad\u0131\u011f\u0131 rol\u00fcn \u00f6nemine i\u015faret ederek vatanda\u015flar\u0131n uygun fiyatlara nitelikli \u00fcr\u00fcn temin etme olana\u011f\u0131 sa\u011flad\u0131\u011f\u0131n\u0131 belirtti.<\/p>\n<p>SUNDUS Kurumunun Harika B\u00f6lgesinde bulunan Muaviye Salonunda m\u00fcbarek Kurban Bayram\u0131 m\u00fcnasebetiyle \u201cVatan Kuca\u011f\u0131 S\u0131cakt\u0131r\u201d \u015fiar\u0131 alt\u0131nda d\u00fczenlenen giyim fuar\u0131 a\u00e7\u0131l\u0131\u015f\u0131na kat\u0131lan Safiye; SUNDUS Kurumu ma\u011fazalar\u0131nda g\u0131da, ayakkab\u0131 ve t\u00fcketim malzemeleri reyonlar\u0131 da a\u00e7\u0131laca\u011f\u0131n\u0131 beyan etti.<\/p>\n<p>\u00d6te yandan SUNDUS Kurumu Genel M\u00fcd\u00fcr\u00fc Omar Muhammed; fuarda sergilenen \u00e7ocuk, kad\u0131n ve erkek giyiminin b\u00fcy\u00fck oranda yerli \u00fcr\u00fcn oldu\u011funa dikkat \u00e7ekerek fuar\u0131n b\u00fct\u00fcn zevklere hitap eden kaliteli ve uygun fiyatl\u0131 \u00fcr\u00fcnler sergilemesinin en \u00f6nemli \u00f6zelli\u011fini te\u015fkil etti\u011fini dile getirdi.<\/p>\n<p>A\u00e7\u0131l\u0131\u015f t\u00f6reninin ard\u0131ndan Harika b\u00f6lgesi \u00e7ar\u015f\u0131s\u0131n\u0131 dola\u015fan Bakan Safiye;\u00a0 esnafa, belirlenmi\u015f olan kazan\u00e7-fiyat \u00e7er\u00e7evesi d\u0131\u015f\u0131na \u00e7\u0131kmama \u00e7a\u011fr\u0131s\u0131nda bulunarak yolsuzluk durumlar\u0131nda gerekli icraatlar\u0131n mutlaka al\u0131naca\u011f\u0131n\u0131 belirtti.<\/p>\n<p>Bakan ayr\u0131ca gezintisi s\u0131ras\u0131nda esnaf ve vatanda\u015flar\u0131n sorunlar\u0131n\u0131 dile getirdikleri anlat\u0131mlar\u0131n\u0131 dinledi ve bu sorunlar\u0131n el ele vererek \u00e7\u00f6z\u00fclece\u011fini dile getirdi.<\/p>\n<div id='gallery-1' class='gallery galleryid-11739 gallery-columns-2 gallery-size-thumbnail'><figure class='gallery-item'>\n\t\t\t<div class='gallery-icon landscape'>\n\t\t\t\t<a href='https:\/\/archive.sana.sy\/tr\/wp-content\/uploads\/2014\/09\/\u0130\u00e7-Ticaret-Bakan\u0131-2.jpg'><img loading=\"lazy\" decoding=\"async\" width=\"150\" height=\"95\" src=\"https:\/\/archive.sana.sy\/tr\/wp-content\/uploads\/2014\/09\/\u0130\u00e7-Ticaret-Bakan\u0131-2-150x95.jpg\" class=\"attachment-thumbnail size-thumbnail\" alt=\"\" srcset=\"https:\/\/archive.sana.sy\/tr\/wp-content\/uploads\/2014\/09\/\u0130\u00e7-Ticaret-Bakan\u0131-2-150x95.jpg 150w, https:\/\/archive.sana.sy\/tr\/wp-content\/uploads\/2014\/09\/\u0130\u00e7-Ticaret-Bakan\u0131-2-300x190.jpg 300w, https:\/\/archive.sana.sy\/tr\/wp-content\/uploads\/2014\/09\/\u0130\u00e7-Ticaret-Bakan\u0131-2.jpg 868w\" sizes=\"auto, (max-width: 150px) 100vw, 150px\" \/><\/a>\n\t\t\t<\/div><\/figure><figure class='gallery-item'>\n\t\t\t<div class='gallery-icon landscape'>\n\t\t\t\t<a href='https:\/\/archive.sana.sy\/tr\/wp-content\/uploads\/2014\/09\/\u0130\u00e7-Ticaret-Bakan\u0131-3.jpg'><img loading=\"lazy\" decoding=\"async\" width=\"150\" height=\"95\" src=\"https:\/\/archive.sana.sy\/tr\/wp-content\/uploads\/2014\/09\/\u0130\u00e7-Ticaret-Bakan\u0131-3-150x95.jpg\" class=\"attachment-thumbnail size-thumbnail\" alt=\"\" srcset=\"https:\/\/archive.sana.sy\/tr\/wp-content\/uploads\/2014\/09\/\u0130\u00e7-Ticaret-Bakan\u0131-3-150x95.jpg 150w, https:\/\/archive.sana.sy\/tr\/wp-content\/uploads\/2014\/09\/\u0130\u00e7-Ticaret-Bakan\u0131-3-300x190.jpg 300w, https:\/\/archive.sana.sy\/tr\/wp-content\/uploads\/2014\/09\/\u0130\u00e7-Ticaret-Bakan\u0131-3-1024x651.jpg 1024w\" sizes=\"auto, (max-width: 150px) 100vw, 150px\" \/><\/a>\n\t\t\t<\/div><\/figure>\n\t\t<\/div>\n\n","protected":false},"excerpt":{"rendered":"<p>\u015eAM \u2013 \u0130\u00e7 Ticaret ve T\u00fcketiciyi Koruma Bakan\u0131 Hassan Safiye; pozitif m\u00fcdahale kurumlar\u0131n\u0131n, vatanda\u015flar\u0131n acil ihtiya\u00e7 malzemelerinin temin edilmesinde oynad\u0131\u011f\u0131 rol\u00fcn \u00f6nemine i\u015faret ederek vatanda\u015flar\u0131n uygun fiyatlara nitelikli \u00fcr\u00fcn temin etme olana\u011f\u0131 sa\u011flad\u0131\u011f\u0131n\u0131 belirtti. SUNDUS Kurumunun Harika B\u00f6lgesinde bulunan Muaviye Salonunda m\u00fcbarek Kurban Bayram\u0131 m\u00fcnasebetiyle \u201cVatan Kuca\u011f\u0131 S\u0131cakt\u0131r\u201d \u015fiar\u0131 alt\u0131nda d\u00fczenlenen giyim fuar\u0131 a\u00e7\u0131l\u0131\u015f\u0131na kat\u0131lan &hellip;<\/p>\n","protected":false},"author":1,"featured_media":11740,"comment_status":"closed","ping_status":"closed","sticky":false,"template":"","format":"standard","meta":{"footnotes":""},"categories":[485,486,479,478],"tags":[2877],"class_list":["post-11739","post","type-post","status-publish","format-standard","has-post-thumbnail","","category-is-ve-sermaye","category-haberler-is-ve-sermaye","category-haberler-yerel","category-yerel","tag-sundus-kurumu-vatandasin-ihtiyaclarini-karsilamasini-kolaylastiriyor"],"_links":{"self":[{"href":"https:\/\/archive.sana.sy\/tr\/index.php?rest_route=\/wp\/v2\/posts\/11739","targetHints":{"allow":["GET"]}}],"collection":[{"href":"https:\/\/archive.sana.sy\/tr\/index.php?rest_route=\/wp\/v2\/posts"}],"about":[{"href":"https:\/\/archive.sana.sy\/tr\/index.php?rest_route=\/wp\/v2\/types\/post"}],"author":[{"embeddable":true,"href":"https:\/\/archive.sana.sy\/tr\/index.php?rest_route=\/wp\/v2\/users\/1"}],"replies":[{"embeddable":true,"href":"https:\/\/archive.sana.sy\/tr\/index.php?rest_route=%2Fwp%2Fv2%2Fcomments&post=11739"}],"version-history":[{"count":0,"href":"https:\/\/archive.sana.sy\/tr\/index.php?rest_route=\/wp\/v2\/posts\/11739\/revisions"}],"wp:featuredmedia":[{"embeddable":true,"href":"https:\/\/archive.sana.sy\/tr\/index.php?rest_route=\/wp\/v2\/media\/11740"}],"wp:attachment":[{"href":"https:\/\/archive.sana.sy\/tr\/index.php?rest_route=%2Fwp%2Fv2%2Fmedia&parent=11739"}],"wp:term":[{"taxonomy":"category","embeddable":true,"href":"https:\/\/archive.sana.sy\/tr\/index.php?rest_route=%2Fwp%2Fv2%2Fcategories&post=11739"},{"taxonomy":"post_tag","embeddable":true,"href":"https:\/\/archive.sana.sy\/tr\/index.php?rest_route=%2Fwp%2Fv2%2Ftags&post=11739"}],"curies":[{"name":"wp","href":"https:\/\/api.w.org\/{rel}","templated":true}]}}