{"id":11753,"date":"2014-09-29T23:30:22","date_gmt":"2014-09-29T20:30:22","guid":{"rendered":"http:\/\/www.sana.sy\/tr\/?p=11753"},"modified":"2014-10-01T08:38:40","modified_gmt":"2014-10-01T05:38:40","slug":"savunma-bakani-adra-beled-ve-adra-isci-kentlerine-saha-gezisinde-bulundu","status":"publish","type":"post","link":"https:\/\/archive.sana.sy\/tr\/?p=11753","title":{"rendered":"Savunma Bakan\u0131 Adra Beled ve Adra \u0130\u015f\u00e7i Kentlerine Saha Gezisinde Bulundu"},"content":{"rendered":"<p>\u015eAM KIRSALI \u2013 Ordu ve Silahl\u0131 Kuvvetler Genel Komutan Yard\u0131mc\u0131s\u0131 Savunma Bakan\u0131 Korgeneral Fahd Casim el Freyc genel komutanl\u0131kta \u00fcst d\u00fczey subaylar\u0131n refakatinde bug\u00fcn \u015eam k\u0131rsal\u0131 Adra Beled ve Adra \u0130\u015f\u00e7i Kentine saha gezisinde bulundu.<\/p>\n<p>Saha gezisinde Freyc Ordu ve Silahl\u0131 Kuvvetler Genel Komutan\u0131 Orgeneral Be\u015f\u015far el Esad\u2019\u0131n Adra Beled Kenti ve Adra \u0130\u015f\u00e7i Kentini ter\u00f6r \u00e7etelerinden temizleyerek g\u00fcvenlik ve istikrar\u0131 sa\u011flayan vatan koruyucular\u0131m\u0131za iyi dileklerini aktard\u0131.<\/p>\n<p>B\u00f6lgedeki ordu birliklerimizin durumlar\u0131n\u0131 inceleyen Freyc; b\u00f6lgede insanl\u0131k d\u0131\u015f\u0131 vah\u015fetlerde bulunup masum sivillerin saflar\u0131nda deh\u015fet estiren ter\u00f6r \u00e7etelerin bertaraf edilmesi operasyonlar\u0131n\u0131n ayr\u0131nt\u0131lar\u0131 hakk\u0131nda saha komutanlar\u0131ndan bilgi ald\u0131.<\/p>\n<p>Korgeneral Freyc b\u00f6lgeyi ter\u00f6ristlerin kamu ve \u00f6zel m\u00fclklere yerle\u015ftirdikleri bubi tuzaklar\u0131ndan ar\u0131nd\u0131rma operasyonlar\u0131n\u0131 yak\u0131ndan incelerken, tekfirci ve hain ter\u00f6r \u00e7etelerin b\u00f6lgede yol a\u00e7t\u0131klar\u0131 hasar\u0131 inceledi.<\/p>\n<p>Ordu ve Silahl\u0131 Kuvvetler Genel Komutanl\u0131\u011f\u0131n\u0131n sahadaki vatan koruyucular\u0131m\u0131z\u0131n ter\u00f6r \u00f6rg\u00fctlere kar\u015f\u0131 ba\u015far\u0131lar\u0131ndan duydu\u011fu gururu ifade eden Savunma Bakan\u0131 Korgeneral Freyc; g\u00fczelim yurdun her kar\u0131\u015f topra\u011f\u0131nda g\u00fcvenlik ve istikrar\u0131n sa\u011flanmas\u0131 amac\u0131yla ordu birliklerimizin kahramanl\u0131k ve fedakarl\u0131klar\u0131n takdire \u015fayan oldu\u011funu ifade etti.<\/p>\n<p>Savunma Bakan\u0131 Korgeneral Freyc; Suriye ordusunun yurdun her yerinde Suriye ve halk\u0131n\u0131 hedef alan evrensel ter\u00f6r ve komployu \u00e7\u00f6kertme g\u00fcc\u00fcne sahip oldu\u011funun alt\u0131n\u0131 \u00e7izerken, vatan koruyucular\u0131m\u0131z\u0131n her ko\u015fulda vatan ve vatanda\u015flar\u0131 savunma kararl\u0131l\u0131\u011f\u0131 ve azminde oldu\u011funun alt\u0131n\u0131 \u00e7izdi.<\/p>\n<div style=\"width: 618px;\" class=\"wp-video\"><!--[if lt IE 9]><script>document.createElement('video');<\/script><![endif]-->\n<video class=\"wp-video-shortcode\" id=\"video-11753-1\" width=\"618\" height=\"348\" preload=\"metadata\" controls=\"controls\"><source type=\"video\/x-flv\" src=\"http:\/\/www.sana.sy\/tr\/wp-content\/uploads\/2014\/09\/Savunma-Bakan\u0131-Adra-Ziyareti.flv?_=1\" \/><a href=\"http:\/\/www.sana.sy\/tr\/wp-content\/uploads\/2014\/09\/Savunma-Bakan\u0131-Adra-Ziyareti.flv\">http:\/\/www.sana.sy\/tr\/wp-content\/uploads\/2014\/09\/Savunma-Bakan\u0131-Adra-Ziyareti.flv<\/a><\/video><\/div>\n","protected":false},"excerpt":{"rendered":"<p>\u015eAM KIRSALI \u2013 Ordu ve Silahl\u0131 Kuvvetler Genel Komutan Yard\u0131mc\u0131s\u0131 Savunma Bakan\u0131 Korgeneral Fahd Casim el Freyc genel komutanl\u0131kta \u00fcst d\u00fczey subaylar\u0131n refakatinde bug\u00fcn \u015eam k\u0131rsal\u0131 Adra Beled ve Adra \u0130\u015f\u00e7i Kentine saha gezisinde bulundu. Saha gezisinde Freyc Ordu ve Silahl\u0131 Kuvvetler Genel Komutan\u0131 Orgeneral Be\u015f\u015far el Esad\u2019\u0131n Adra Beled Kenti ve Adra \u0130\u015f\u00e7i Kentini &hellip;<\/p>\n","protected":false},"author":1,"featured_media":11754,"comment_status":"closed","ping_status":"closed","sticky":false,"template":"","format":"standard","meta":{"footnotes":""},"categories":[575],"tags":[2875],"class_list":["post-11753","post","type-post","status-publish","format-standard","has-post-thumbnail","","category-olaylar-ve-gercekler","tag-savunma-bakani-adra-beled-ve-adra-isci-kentlerine-saha-gezisinde-bulundu"],"_links":{"self":[{"href":"https:\/\/archive.sana.sy\/tr\/index.php?rest_route=\/wp\/v2\/posts\/11753","targetHints":{"allow":["GET"]}}],"collection":[{"href":"https:\/\/archive.sana.sy\/tr\/index.php?rest_route=\/wp\/v2\/posts"}],"about":[{"href":"https:\/\/archive.sana.sy\/tr\/index.php?rest_route=\/wp\/v2\/types\/post"}],"author":[{"embeddable":true,"href":"https:\/\/archive.sana.sy\/tr\/index.php?rest_route=\/wp\/v2\/users\/1"}],"replies":[{"embeddable":true,"href":"https:\/\/archive.sana.sy\/tr\/index.php?rest_route=%2Fwp%2Fv2%2Fcomments&post=11753"}],"version-history":[{"count":0,"href":"https:\/\/archive.sana.sy\/tr\/index.php?rest_route=\/wp\/v2\/posts\/11753\/revisions"}],"wp:featuredmedia":[{"embeddable":true,"href":"https:\/\/archive.sana.sy\/tr\/index.php?rest_route=\/wp\/v2\/media\/11754"}],"wp:attachment":[{"href":"https:\/\/archive.sana.sy\/tr\/index.php?rest_route=%2Fwp%2Fv2%2Fmedia&parent=11753"}],"wp:term":[{"taxonomy":"category","embeddable":true,"href":"https:\/\/archive.sana.sy\/tr\/index.php?rest_route=%2Fwp%2Fv2%2Fcategories&post=11753"},{"taxonomy":"post_tag","embeddable":true,"href":"https:\/\/archive.sana.sy\/tr\/index.php?rest_route=%2Fwp%2Fv2%2Ftags&post=11753"}],"curies":[{"name":"wp","href":"https:\/\/api.w.org\/{rel}","templated":true}]}}