{"id":117559,"date":"2017-06-27T15:52:05","date_gmt":"2017-06-27T12:52:05","guid":{"rendered":"http:\/\/www.sana.sy\/tr\/?p=117559"},"modified":"2017-06-28T16:13:19","modified_gmt":"2017-06-28T13:13:19","slug":"isid-karargahlari-muhtevalariyla-imha-ediliyor","status":"publish","type":"post","link":"https:\/\/archive.sana.sy\/tr\/?p=117559","title":{"rendered":"I\u015e\u0130D Karargahlar\u0131 Muhtevalar\u0131yla \u0130mha Ediliyor (video)"},"content":{"rendered":"<p>\u0130LLER \u2013 Hava g\u00fc\u00e7lerimiz ve top\u00e7u birliklerimizin deste\u011fi ile radikal ter\u00f6r \u00f6rg\u00fctlere kar\u015f\u0131 operasyonlar\u0131nda ordu birliklerimiz bug\u00fcn I\u015e\u0130D\u2019in karargah, siper ve toplanma yerlerini imha ederek \u00e7ok say\u0131da ter\u00f6risti \u00f6l\u00fc yaral\u0131 d\u00fc\u015f\u00fcrd\u00fc.<\/p>\n<p><span style=\"color: #0000ff\">DEYREZZOR:<\/span><\/p>\n<p>SANA\u2019ya yapt\u0131\u011f\u0131 a\u00e7\u0131klamada askeri bir kaynak; hava g\u00fc\u00e7lerimizin gece saatlerinde Deyrezzor Kentinin Huveyka, eski havaalan\u0131 ve Urfi semtlerinde I\u015e\u0130D mevkileri ve siperlerini muhtevalar\u0131yla imha ettiklerini belirtti. Kaynak hava g\u00fc\u00e7lerimizin Ka\u011f\u0131t Fabrikas\u0131n\u0131n do\u011fusu, Huveycet el Mureyiye ve Buleyl Beldesinde I\u015e\u0130D mevkilerini imha ederek, bir\u00e7ok ter\u00f6ristle birlikte a\u011f\u0131r makineli silahla donat\u0131lm\u0131\u015f bir arac\u0131 imha ettiklerini s\u00f6zlerine ekledi.<\/p>\n<p>Ordu birliklerimizin R\u00fc\u015fdiye yak\u0131nlar\u0131nda askeri noktalara sald\u0131r\u0131 giri\u015fiminde bulunan I\u015e\u0130D\u2019li bir ter\u00f6r grubuyla s\u0131cak temasa girdiklerini kaydeden askeri kaynak, \u00e7at\u0131\u015fmada 5 ter\u00f6ristin \u00f6l\u00fc, bir\u00e7ok ter\u00f6ristin yaral\u0131 d\u00fc\u015f\u00fcr\u00fclmesi ard\u0131ndan sald\u0131r\u0131n\u0131n \u00e7\u00f6kertildi\u011fini aktard\u0131.<\/p>\n<p>Kaynak buna e\u015f zamanl\u0131 olarak top\u00e7u birliklerimizin Makabir civarlar\u0131, Huveyka, 137. Alay ve B\u011fayliye Beldesinde I\u015e\u0130D\u2019in mevkilerini ate\u015fe tutup radikal \u00e7eteleri kay\u0131plara u\u011fratt\u0131klar\u0131n\u0131 ifade etti.<\/p>\n<p><span style=\"color: #0000ff\">HOMS:\u00a0<\/span><\/p>\n<p>Bu arada askeri bir kaynak Homs \u0130linin do\u011fusu Badiye derinliklerinde destek\u00e7i ve m\u00fcttefik g\u00fc\u00e7lerle i\u015fbirli\u011fi i\u00e7inde I\u015e\u0130D\u2019e kar\u015f\u0131 operasyonlar\u0131n\u0131 s\u00fcrd\u00fcren ordu birliklerimizin, birka\u00e7 g\u00fcn \u00f6nce radikal \u00e7etelerden kurtard\u0131\u011f\u0131 Dulayiyat B\u00f6lgesinin 4 km do\u011fusunda I\u015e\u0130D\u2019li ter\u00f6ristlerle \u015fiddetli \u00e7at\u0131\u015fmalara girdiklerini belirtti.<\/p>\n<p>Kaynak y\u00fcksek say\u0131da ter\u00f6ristin ara\u00e7 ve ekipmanlar\u0131yla etkisiz hale getirildi\u011fi \u00e7at\u0131\u015fmalarda bir dizi \u00f6nemli noktay\u0131 kontrollerine ge\u00e7irdiklerine dikkat \u00e7ekti.<\/p>\n<p>https:\/\/www.youtube.com\/watch?v=Wbk-BOYMXPI<\/p>\n","protected":false},"excerpt":{"rendered":"<p>\u0130LLER \u2013 Hava g\u00fc\u00e7lerimiz ve top\u00e7u birliklerimizin deste\u011fi ile radikal ter\u00f6r \u00f6rg\u00fctlere kar\u015f\u0131 operasyonlar\u0131nda ordu birliklerimiz bug\u00fcn I\u015e\u0130D\u2019in karargah, siper ve toplanma yerlerini imha ederek \u00e7ok say\u0131da ter\u00f6risti \u00f6l\u00fc yaral\u0131 d\u00fc\u015f\u00fcrd\u00fc. DEYREZZOR: SANA\u2019ya yapt\u0131\u011f\u0131 a\u00e7\u0131klamada askeri bir kaynak; hava g\u00fc\u00e7lerimizin gece saatlerinde Deyrezzor Kentinin Huveyka, eski havaalan\u0131 ve Urfi semtlerinde I\u015e\u0130D mevkileri ve siperlerini muhtevalar\u0131yla &hellip;<\/p>\n","protected":false},"author":1,"featured_media":117563,"comment_status":"closed","ping_status":"closed","sticky":false,"template":"","format":"standard","meta":{"footnotes":""},"categories":[479,575,17988,478],"tags":[18237,26789,2494,24011,3505,16591,18574,18685,11549,22182,19034,30539,4076],"class_list":["post-117559","post","type-post","status-publish","format-standard","has-post-thumbnail","","category-haberler-yerel","category-olaylar-ve-gercekler","category-son-haberler","category-yerel","tag-cihatcilar","tag-deyr-el-zor","tag-deyrezzor","tag-iside-karsi-savas","tag-savas-ucaklari","tag-suriye","tag-suriye-krizi","tag-suriye-ucaklari","tag-suriye-ordusu","tag-suriyede-savas","tag-suriyeli-muhalifler","tag-teroristlerle-catisma","tag-terorle-mucadele"],"_links":{"self":[{"href":"https:\/\/archive.sana.sy\/tr\/index.php?rest_route=\/wp\/v2\/posts\/117559","targetHints":{"allow":["GET"]}}],"collection":[{"href":"https:\/\/archive.sana.sy\/tr\/index.php?rest_route=\/wp\/v2\/posts"}],"about":[{"href":"https:\/\/archive.sana.sy\/tr\/index.php?rest_route=\/wp\/v2\/types\/post"}],"author":[{"embeddable":true,"href":"https:\/\/archive.sana.sy\/tr\/index.php?rest_route=\/wp\/v2\/users\/1"}],"replies":[{"embeddable":true,"href":"https:\/\/archive.sana.sy\/tr\/index.php?rest_route=%2Fwp%2Fv2%2Fcomments&post=117559"}],"version-history":[{"count":0,"href":"https:\/\/archive.sana.sy\/tr\/index.php?rest_route=\/wp\/v2\/posts\/117559\/revisions"}],"wp:featuredmedia":[{"embeddable":true,"href":"https:\/\/archive.sana.sy\/tr\/index.php?rest_route=\/wp\/v2\/media\/117563"}],"wp:attachment":[{"href":"https:\/\/archive.sana.sy\/tr\/index.php?rest_route=%2Fwp%2Fv2%2Fmedia&parent=117559"}],"wp:term":[{"taxonomy":"category","embeddable":true,"href":"https:\/\/archive.sana.sy\/tr\/index.php?rest_route=%2Fwp%2Fv2%2Fcategories&post=117559"},{"taxonomy":"post_tag","embeddable":true,"href":"https:\/\/archive.sana.sy\/tr\/index.php?rest_route=%2Fwp%2Fv2%2Ftags&post=117559"}],"curies":[{"name":"wp","href":"https:\/\/api.w.org\/{rel}","templated":true}]}}