{"id":117562,"date":"2017-06-27T16:01:06","date_gmt":"2017-06-27T13:01:06","guid":{"rendered":"http:\/\/www.sana.sy\/tr\/?p=117562"},"modified":"2017-06-28T15:40:34","modified_gmt":"2017-06-28T12:40:34","slug":"abd-koalisyonunun-yeni-katliaminda-42-sehit","status":"publish","type":"post","link":"https:\/\/archive.sana.sy\/tr\/?p=117562","title":{"rendered":"ABD Koalisyonunun Yeni Katliam\u0131nda 42 \u015eehit"},"content":{"rendered":"<p>DEYREZZOR \u2013 I\u015e\u0130D\u2019e kar\u015f\u0131 sava\u015f bahanesi alt\u0131nda Suriye ve halk\u0131na kar\u015f\u0131 d\u00fc\u015fmanc\u0131 sald\u0131r\u0131lar\u0131n\u0131 s\u00fcrd\u00fcren ABD komutas\u0131ndaki koalisyon g\u00fc\u00e7leri son olarak Deyrezzor \u0130linin Meyadin Kentinde 42 sivil vatanda\u015f\u0131n \u015fehit d\u00fc\u015ft\u00fckleri bir katliamda bulundu.<\/p>\n<p>Deyrezzor\u2019da yerel kaynaklar\u0131n yan\u0131 s\u0131ra muhtelif medya ara\u00e7lar\u0131n\u0131n aktard\u0131klar\u0131 haberlerde; ABD koalisyonuna tabi sava\u015f u\u00e7aklar\u0131n Meyadin Kentinde sivil yerle\u015fim alanlar\u0131n\u0131 bombalamalar\u0131 sonucunda en az 42 sivil vatanda\u015f\u0131n \u015fehit, \u00e7ok say\u0131da vatanda\u015f\u0131n yaral\u0131 d\u00fc\u015ft\u00fcklerini aktard\u0131. Haberlerde \u015fehit ve yaral\u0131 d\u00fc\u015fenlerin aras\u0131nda \u00e7ocuk ve kad\u0131nlar\u0131n bulundu\u011funa dikkat \u00e7ekildi.<\/p>\n","protected":false},"excerpt":{"rendered":"<p>DEYREZZOR \u2013 I\u015e\u0130D\u2019e kar\u015f\u0131 sava\u015f bahanesi alt\u0131nda Suriye ve halk\u0131na kar\u015f\u0131 d\u00fc\u015fmanc\u0131 sald\u0131r\u0131lar\u0131n\u0131 s\u00fcrd\u00fcren ABD komutas\u0131ndaki koalisyon g\u00fc\u00e7leri son olarak Deyrezzor \u0130linin Meyadin Kentinde 42 sivil vatanda\u015f\u0131n \u015fehit d\u00fc\u015ft\u00fckleri bir katliamda bulundu. Deyrezzor\u2019da yerel kaynaklar\u0131n yan\u0131 s\u0131ra muhtelif medya ara\u00e7lar\u0131n\u0131n aktard\u0131klar\u0131 haberlerde; ABD koalisyonuna tabi sava\u015f u\u00e7aklar\u0131n Meyadin Kentinde sivil yerle\u015fim alanlar\u0131n\u0131 bombalamalar\u0131 sonucunda en &hellip;<\/p>\n","protected":false},"author":1,"featured_media":117566,"comment_status":"closed","ping_status":"closed","sticky":false,"template":"","format":"standard","meta":{"footnotes":""},"categories":[479,575,17988,478],"tags":[1381,19160,18237,26789,2494,24011,18631,10672,24111,16591,19034,2517],"class_list":["post-117562","post","type-post","status-publish","format-standard","has-post-thumbnail","","category-haberler-yerel","category-olaylar-ve-gercekler","category-son-haberler","category-yerel","tag-abd","tag-abd-koalisyonu","tag-cihatcilar","tag-deyr-el-zor","tag-deyrezzor","tag-iside-karsi-savas","tag-koalisyon-ucaklari","tag-meyadin","tag-sivilleri-bombaladi","tag-suriye","tag-suriyeli-muhalifler","tag-uluslararasi-koalisyon"],"_links":{"self":[{"href":"https:\/\/archive.sana.sy\/tr\/index.php?rest_route=\/wp\/v2\/posts\/117562","targetHints":{"allow":["GET"]}}],"collection":[{"href":"https:\/\/archive.sana.sy\/tr\/index.php?rest_route=\/wp\/v2\/posts"}],"about":[{"href":"https:\/\/archive.sana.sy\/tr\/index.php?rest_route=\/wp\/v2\/types\/post"}],"author":[{"embeddable":true,"href":"https:\/\/archive.sana.sy\/tr\/index.php?rest_route=\/wp\/v2\/users\/1"}],"replies":[{"embeddable":true,"href":"https:\/\/archive.sana.sy\/tr\/index.php?rest_route=%2Fwp%2Fv2%2Fcomments&post=117562"}],"version-history":[{"count":0,"href":"https:\/\/archive.sana.sy\/tr\/index.php?rest_route=\/wp\/v2\/posts\/117562\/revisions"}],"wp:featuredmedia":[{"embeddable":true,"href":"https:\/\/archive.sana.sy\/tr\/index.php?rest_route=\/wp\/v2\/media\/117566"}],"wp:attachment":[{"href":"https:\/\/archive.sana.sy\/tr\/index.php?rest_route=%2Fwp%2Fv2%2Fmedia&parent=117562"}],"wp:term":[{"taxonomy":"category","embeddable":true,"href":"https:\/\/archive.sana.sy\/tr\/index.php?rest_route=%2Fwp%2Fv2%2Fcategories&post=117562"},{"taxonomy":"post_tag","embeddable":true,"href":"https:\/\/archive.sana.sy\/tr\/index.php?rest_route=%2Fwp%2Fv2%2Ftags&post=117562"}],"curies":[{"name":"wp","href":"https:\/\/api.w.org\/{rel}","templated":true}]}}