{"id":117565,"date":"2017-06-27T16:25:01","date_gmt":"2017-06-27T13:25:01","guid":{"rendered":"http:\/\/www.sana.sy\/tr\/?p=117565"},"modified":"2017-06-27T16:32:19","modified_gmt":"2017-06-27T13:32:19","slug":"dera-valiliginde-bir-kaynak-sanaya-aciklamalarinda-tekfirci-ve-hain-teroristlerin-bugun-de-dera-kentinin-sivil-yerlesim-alanlarindan-kasif-semtine-gaddar-fuzelerle-saldirdiklarini-belirtti","status":"publish","type":"post","link":"https:\/\/archive.sana.sy\/tr\/?p=117565","title":{"rendered":"Dera Valili\u011finde bir kaynak SANA\u2019ya a\u00e7\u0131klamalar\u0131nda tekfirci ve hain ter\u00f6ristlerin bug\u00fcn de Dera Kentinin sivil yerle\u015fim alanlar\u0131ndan Ka\u015fif Semtine gaddar f\u00fczelerle sald\u0131rd\u0131klar\u0131n\u0131 belirtti"},"content":{"rendered":"<p>Dera Valili\u011finde bir kaynak SANA\u2019ya a\u00e7\u0131klamalar\u0131nda tekfirci ve hain ter\u00f6ristlerin bug\u00fcn de Dera Kentinin sivil yerle\u015fim alanlar\u0131ndan Ka\u015fif Semtine gaddar f\u00fczelerle sald\u0131rd\u0131klar\u0131n\u0131 belirtti<\/p>\n","protected":false},"excerpt":{"rendered":"<p>Dera Valili\u011finde bir kaynak SANA\u2019ya a\u00e7\u0131klamalar\u0131nda tekfirci ve hain ter\u00f6ristlerin bug\u00fcn de Dera Kentinin sivil yerle\u015fim alanlar\u0131ndan Ka\u015fif Semtine gaddar f\u00fczelerle sald\u0131rd\u0131klar\u0131n\u0131 belirtti<\/p>\n","protected":false},"author":1,"featured_media":0,"comment_status":"closed","ping_status":"closed","sticky":false,"template":"","format":"standard","meta":{"footnotes":""},"categories":[17991],"tags":[],"class_list":["post-117565","post","type-post","status-publish","format-standard","","category-son-dakika"],"_links":{"self":[{"href":"https:\/\/archive.sana.sy\/tr\/index.php?rest_route=\/wp\/v2\/posts\/117565","targetHints":{"allow":["GET"]}}],"collection":[{"href":"https:\/\/archive.sana.sy\/tr\/index.php?rest_route=\/wp\/v2\/posts"}],"about":[{"href":"https:\/\/archive.sana.sy\/tr\/index.php?rest_route=\/wp\/v2\/types\/post"}],"author":[{"embeddable":true,"href":"https:\/\/archive.sana.sy\/tr\/index.php?rest_route=\/wp\/v2\/users\/1"}],"replies":[{"embeddable":true,"href":"https:\/\/archive.sana.sy\/tr\/index.php?rest_route=%2Fwp%2Fv2%2Fcomments&post=117565"}],"version-history":[{"count":0,"href":"https:\/\/archive.sana.sy\/tr\/index.php?rest_route=\/wp\/v2\/posts\/117565\/revisions"}],"wp:attachment":[{"href":"https:\/\/archive.sana.sy\/tr\/index.php?rest_route=%2Fwp%2Fv2%2Fmedia&parent=117565"}],"wp:term":[{"taxonomy":"category","embeddable":true,"href":"https:\/\/archive.sana.sy\/tr\/index.php?rest_route=%2Fwp%2Fv2%2Fcategories&post=117565"},{"taxonomy":"post_tag","embeddable":true,"href":"https:\/\/archive.sana.sy\/tr\/index.php?rest_route=%2Fwp%2Fv2%2Ftags&post=117565"}],"curies":[{"name":"wp","href":"https:\/\/api.w.org\/{rel}","templated":true}]}}