{"id":11760,"date":"2014-09-30T09:06:27","date_gmt":"2014-09-30T06:06:27","guid":{"rendered":"http:\/\/www.sana.sy\/tr\/?p=11760"},"modified":"2014-10-01T08:38:16","modified_gmt":"2014-10-01T05:38:16","slug":"terorle-mucadelede-herhangi-caba-uluslararasi-kanun-ile-uyusmasi-gerekiyor","status":"publish","type":"post","link":"https:\/\/archive.sana.sy\/tr\/?p=11760","title":{"rendered":"Ter\u00f6rle M\u00fccadelede Herhangi \u00c7aba Uluslararas\u0131 Kanun ile Uyu\u015fmas\u0131 Gerekiyor"},"content":{"rendered":"<p>NEW YORK \u2013 Ba\u015fbakan Yard\u0131mc\u0131s\u0131 D\u0131\u015fi\u015fleri ve Gurbet\u00e7iler Bakan\u0131 Velit Muallim Birle\u015fmi\u015f Milletler Genel Kurulu yan toplant\u0131lar\u0131nda Belarus D\u0131\u015fi\u015fleri Bakan\u0131 Viladimir Maki ile bir araya geli\u015finde b\u00f6lgedeki geli\u015fmeler, ikili ili\u015fkiler ve iki \u00fclke aras\u0131nda y\u0131l sonuna do\u011fru yap\u0131lacak ortak komite toplant\u0131s\u0131 ele al\u0131nd\u0131.<\/p>\n<p>Muallim, ter\u00f6ristleri finanse eden, silahland\u0131ran ve bar\u0131nd\u0131ran \u00fclkelerin I\u015e\u0130D, Nusra Cephesi ve di\u011fer ter\u00f6r \u00f6rg\u00fctleriyle m\u00fccadele ve herhangi bir yolla ter\u00f6r\u00fc destekleme yollar\u0131n\u0131 menetmekle ilgili BM kararlar\u0131n\u0131 uygulama zorunlulu\u011fuyla ilgili Suriye tutumunu a\u00e7\u0131klad\u0131.<\/p>\n<p>Muallim: \u201cI\u015e\u0130D, Nusra Cephesi ve di\u011ferleriyle m\u00fccadelede herhangi bir \u00e7aba iyi bir durumdur, lakin uluslararas\u0131 kanun ile uyumlu olmas\u0131 gerekir\u201d dedi.<\/p>\n<p>Kendi y\u00f6n\u00fcnden Maki, Suriye h\u00fck\u00fcmetini destekleme, i\u00e7i\u015flerine yabanc\u0131 m\u00fcdahaleyi reddetmede \u00fclkesi tutumunun sabit ve daimi oldu\u011funu, Suriye\u2019nin \u00f6n ko\u015fulsuz diyalog g\u00f6r\u00fc\u015f\u00fcn\u00fc destekledi\u011fini, Suriye-Suriye diyalogunun da Suriye\u2019de g\u00fcven ve istikrar\u0131n d\u00f6n\u00fc\u015f\u00fc i\u00e7in krizi \u00e7\u00f6zmenin tek alternatif oldu\u011fu g\u00f6r\u00fc\u015f\u00fcn\u00fc destekledi\u011fini vurgulad\u0131.<\/p>\n<p>Her iki Bakan ayr\u0131ca, iki \u00fclke aras\u0131ndaki ikili ili\u015fkileri b\u00fct\u00fcn alanlarda geli\u015ftirme ve peki\u015ftirme \u00f6nemini belirttiler.<\/p>\n<p>G\u00f6r\u00fc\u015fmeye, D\u0131\u015fi\u015fleri ve Gurbet\u00e7iler Bakan\u0131 Yard\u0131mc\u0131s\u0131 Faysal Mikdat, Suriye\u2019nin BM daimi temsilcisi Be\u015f\u015far Caferi ile D\u0131\u015fi\u015fleri ve Gurbet\u00e7iler Bakan\u0131 M\u00fcste\u015far\u0131 Ahmet Arnus kat\u0131ld\u0131.<\/p>\n","protected":false},"excerpt":{"rendered":"<p>NEW YORK \u2013 Ba\u015fbakan Yard\u0131mc\u0131s\u0131 D\u0131\u015fi\u015fleri ve Gurbet\u00e7iler Bakan\u0131 Velit Muallim Birle\u015fmi\u015f Milletler Genel Kurulu yan toplant\u0131lar\u0131nda Belarus D\u0131\u015fi\u015fleri Bakan\u0131 Viladimir Maki ile bir araya geli\u015finde b\u00f6lgedeki geli\u015fmeler, ikili ili\u015fkiler ve iki \u00fclke aras\u0131nda y\u0131l sonuna do\u011fru yap\u0131lacak ortak komite toplant\u0131s\u0131 ele al\u0131nd\u0131. Muallim, ter\u00f6ristleri finanse eden, silahland\u0131ran ve bar\u0131nd\u0131ran \u00fclkelerin I\u015e\u0130D, Nusra Cephesi ve &hellip;<\/p>\n","protected":false},"author":1,"featured_media":11761,"comment_status":"closed","ping_status":"closed","sticky":false,"template":"","format":"standard","meta":{"footnotes":""},"categories":[458,459,447],"tags":[2878],"class_list":["post-11760","post","type-post","status-publish","format-standard","has-post-thumbnail","","category-dunya1","category-haberler-arap-uluslararasi-politika","category-politika","tag-terorle-mucadelede-herhangi-caba-uluslararasi-kanun-ile-uyusmasi-gerekiyor"],"_links":{"self":[{"href":"https:\/\/archive.sana.sy\/tr\/index.php?rest_route=\/wp\/v2\/posts\/11760","targetHints":{"allow":["GET"]}}],"collection":[{"href":"https:\/\/archive.sana.sy\/tr\/index.php?rest_route=\/wp\/v2\/posts"}],"about":[{"href":"https:\/\/archive.sana.sy\/tr\/index.php?rest_route=\/wp\/v2\/types\/post"}],"author":[{"embeddable":true,"href":"https:\/\/archive.sana.sy\/tr\/index.php?rest_route=\/wp\/v2\/users\/1"}],"replies":[{"embeddable":true,"href":"https:\/\/archive.sana.sy\/tr\/index.php?rest_route=%2Fwp%2Fv2%2Fcomments&post=11760"}],"version-history":[{"count":0,"href":"https:\/\/archive.sana.sy\/tr\/index.php?rest_route=\/wp\/v2\/posts\/11760\/revisions"}],"wp:featuredmedia":[{"embeddable":true,"href":"https:\/\/archive.sana.sy\/tr\/index.php?rest_route=\/wp\/v2\/media\/11761"}],"wp:attachment":[{"href":"https:\/\/archive.sana.sy\/tr\/index.php?rest_route=%2Fwp%2Fv2%2Fmedia&parent=11760"}],"wp:term":[{"taxonomy":"category","embeddable":true,"href":"https:\/\/archive.sana.sy\/tr\/index.php?rest_route=%2Fwp%2Fv2%2Fcategories&post=11760"},{"taxonomy":"post_tag","embeddable":true,"href":"https:\/\/archive.sana.sy\/tr\/index.php?rest_route=%2Fwp%2Fv2%2Ftags&post=11760"}],"curies":[{"name":"wp","href":"https:\/\/api.w.org\/{rel}","templated":true}]}}