{"id":117733,"date":"2017-06-29T05:00:07","date_gmt":"2017-06-29T02:00:07","guid":{"rendered":"http:\/\/www.sana.sy\/tr\/?p=117733"},"modified":"2017-06-28T17:25:23","modified_gmt":"2017-06-28T14:25:23","slug":"ilimli-muhalifler-adi-verilen-teroristlerin-dera-kentine-fuze-saldirilarinda-25-sivil-vatandas-yaralandi","status":"publish","type":"post","link":"https:\/\/archive.sana.sy\/tr\/?p=117733","title":{"rendered":"Il\u0131ml\u0131 muhalifler ad\u0131 verilen ter\u00f6ristlerin Dera Kentine f\u00fcze sald\u0131r\u0131lar\u0131nda 25 sivil vatanda\u015f yaraland\u0131"},"content":{"rendered":"<p>Il\u0131ml\u0131 muhalifler ad\u0131 verilen ter\u00f6ristlerin Dera Kentine f\u00fcze sald\u0131r\u0131lar\u0131nda 25 sivil vatanda\u015f yaraland\u0131<\/p>\n<p>&nbsp;<\/p>\n","protected":false},"excerpt":{"rendered":"<p>Il\u0131ml\u0131 muhalifler ad\u0131 verilen ter\u00f6ristlerin Dera Kentine f\u00fcze sald\u0131r\u0131lar\u0131nda 25 sivil vatanda\u015f yaraland\u0131 &nbsp;<\/p>\n","protected":false},"author":1,"featured_media":117735,"comment_status":"closed","ping_status":"closed","sticky":false,"template":"","format":"standard","meta":{"footnotes":""},"categories":[573],"tags":[],"class_list":["post-117733","post","type-post","status-publish","format-standard","has-post-thumbnail","","category-goruntulu-olaylar"],"_links":{"self":[{"href":"https:\/\/archive.sana.sy\/tr\/index.php?rest_route=\/wp\/v2\/posts\/117733","targetHints":{"allow":["GET"]}}],"collection":[{"href":"https:\/\/archive.sana.sy\/tr\/index.php?rest_route=\/wp\/v2\/posts"}],"about":[{"href":"https:\/\/archive.sana.sy\/tr\/index.php?rest_route=\/wp\/v2\/types\/post"}],"author":[{"embeddable":true,"href":"https:\/\/archive.sana.sy\/tr\/index.php?rest_route=\/wp\/v2\/users\/1"}],"replies":[{"embeddable":true,"href":"https:\/\/archive.sana.sy\/tr\/index.php?rest_route=%2Fwp%2Fv2%2Fcomments&post=117733"}],"version-history":[{"count":0,"href":"https:\/\/archive.sana.sy\/tr\/index.php?rest_route=\/wp\/v2\/posts\/117733\/revisions"}],"wp:featuredmedia":[{"embeddable":true,"href":"https:\/\/archive.sana.sy\/tr\/index.php?rest_route=\/wp\/v2\/media\/117735"}],"wp:attachment":[{"href":"https:\/\/archive.sana.sy\/tr\/index.php?rest_route=%2Fwp%2Fv2%2Fmedia&parent=117733"}],"wp:term":[{"taxonomy":"category","embeddable":true,"href":"https:\/\/archive.sana.sy\/tr\/index.php?rest_route=%2Fwp%2Fv2%2Fcategories&post=117733"},{"taxonomy":"post_tag","embeddable":true,"href":"https:\/\/archive.sana.sy\/tr\/index.php?rest_route=%2Fwp%2Fv2%2Ftags&post=117733"}],"curies":[{"name":"wp","href":"https:\/\/api.w.org\/{rel}","templated":true}]}}