{"id":118094,"date":"2017-07-03T14:19:43","date_gmt":"2017-07-03T11:19:43","guid":{"rendered":"http:\/\/www.sana.sy\/tr\/?p=118094"},"modified":"2017-07-04T14:30:07","modified_gmt":"2017-07-04T11:30:07","slug":"saldirgan-teroristler-agir-kayiplara-ugratildilar","status":"publish","type":"post","link":"https:\/\/archive.sana.sy\/tr\/?p=118094","title":{"rendered":"Sald\u0131rgan Ter\u00f6ristler A\u011f\u0131r Kay\u0131plara U\u011frat\u0131ld\u0131lar"},"content":{"rendered":"<p>DEYREZZOR \u2013 Ordu birliklerimiz askeri noktalara ve masum sivil vatanda\u015flara sald\u0131r\u0131larda bulunan radikal ter\u00f6ristlere kar\u015f\u0131 koyarak, sald\u0131rganlar\u0131 ara\u00e7 ve ekipmanlar\u0131yla yine ciddi kay\u0131plara u\u011fratt\u0131.<\/p>\n<p>Askeri bir kaynak Deyrezzor\u2019da masum sivil vatanda\u015flar\u0131 ku\u015fatma alt\u0131nda tutan radikal ter\u00f6r \u00f6rg\u00fct\u00fc I\u015e\u0130D\u2019in Panorama, Panorama K\u00f6pr\u00fcs\u00fc, Elektrik \u015eirketi, Temin T\u00fcmeni, Ummal, H\u00fcveycat Sak\u0131r ve B\u011fayliye Beldesinde mevki ve hareketlenmelerini top ate\u015fine tutan ordu birliklerimizin ter\u00f6r siperleri ve karargahlar\u0131yla birlikte \u00e7ok say\u0131da ter\u00f6ristin etkisiz hale getirildi\u011fini aktard\u0131.<\/p>\n<p>Ordu birliklerimizin Deyrezzor Kentinin g\u00fcneybat\u0131 ekseni Um Abbud Tepesi civar\u0131nda askeri noktalara sald\u0131r\u0131 giri\u015fiminde bulunan I\u015e\u0130D \u00e7eteleri ile \u015fiddetli \u00e7at\u0131\u015fmalara girdiklerini ifade eden askeri kaynak, radikal \u00e7etelerin b\u00fcy\u00fck kay\u0131plara u\u011frat\u0131lmalar\u0131yla sald\u0131r\u0131n\u0131n \u00e7\u00f6kertildi\u011fini kaydetti.<\/p>\n","protected":false},"excerpt":{"rendered":"<p>DEYREZZOR \u2013 Ordu birliklerimiz askeri noktalara ve masum sivil vatanda\u015flara sald\u0131r\u0131larda bulunan radikal ter\u00f6ristlere kar\u015f\u0131 koyarak, sald\u0131rganlar\u0131 ara\u00e7 ve ekipmanlar\u0131yla yine ciddi kay\u0131plara u\u011fratt\u0131. Askeri bir kaynak Deyrezzor\u2019da masum sivil vatanda\u015flar\u0131 ku\u015fatma alt\u0131nda tutan radikal ter\u00f6r \u00f6rg\u00fct\u00fc I\u015e\u0130D\u2019in Panorama, Panorama K\u00f6pr\u00fcs\u00fc, Elektrik \u015eirketi, Temin T\u00fcmeni, Ummal, H\u00fcveycat Sak\u0131r ve B\u011fayliye Beldesinde mevki ve hareketlenmelerini top &hellip;<\/p>\n","protected":false},"author":1,"featured_media":118095,"comment_status":"closed","ping_status":"closed","sticky":false,"template":"","format":"standard","meta":{"footnotes":""},"categories":[479,575,17988,478],"tags":[3464,18365,18237,18576,18577,2318,18347,20427,18674,23837,11549,19043,22182,19034,22181,28327],"class_list":["post-118094","post","type-post","status-publish","format-standard","has-post-thumbnail","","category-haberler-yerel","category-olaylar-ve-gercekler","category-son-haberler","category-yerel","tag-nusra-cephesi","tag-ahrar-el-sam","tag-cihatcilar","tag-daes","tag-deas","tag-isid","tag-oso","tag-ozgur-ordu","tag-silahli-muhalifler","tag-suriye-gercekleri","tag-suriye-ordusu","tag-suriyede-son-durum","tag-suriyede-savas","tag-suriyeli-muhalifler","tag-suriyeliler","tag-tahrir-el-sam"],"_links":{"self":[{"href":"https:\/\/archive.sana.sy\/tr\/index.php?rest_route=\/wp\/v2\/posts\/118094","targetHints":{"allow":["GET"]}}],"collection":[{"href":"https:\/\/archive.sana.sy\/tr\/index.php?rest_route=\/wp\/v2\/posts"}],"about":[{"href":"https:\/\/archive.sana.sy\/tr\/index.php?rest_route=\/wp\/v2\/types\/post"}],"author":[{"embeddable":true,"href":"https:\/\/archive.sana.sy\/tr\/index.php?rest_route=\/wp\/v2\/users\/1"}],"replies":[{"embeddable":true,"href":"https:\/\/archive.sana.sy\/tr\/index.php?rest_route=%2Fwp%2Fv2%2Fcomments&post=118094"}],"version-history":[{"count":0,"href":"https:\/\/archive.sana.sy\/tr\/index.php?rest_route=\/wp\/v2\/posts\/118094\/revisions"}],"wp:featuredmedia":[{"embeddable":true,"href":"https:\/\/archive.sana.sy\/tr\/index.php?rest_route=\/wp\/v2\/media\/118095"}],"wp:attachment":[{"href":"https:\/\/archive.sana.sy\/tr\/index.php?rest_route=%2Fwp%2Fv2%2Fmedia&parent=118094"}],"wp:term":[{"taxonomy":"category","embeddable":true,"href":"https:\/\/archive.sana.sy\/tr\/index.php?rest_route=%2Fwp%2Fv2%2Fcategories&post=118094"},{"taxonomy":"post_tag","embeddable":true,"href":"https:\/\/archive.sana.sy\/tr\/index.php?rest_route=%2Fwp%2Fv2%2Ftags&post=118094"}],"curies":[{"name":"wp","href":"https:\/\/api.w.org\/{rel}","templated":true}]}}