{"id":118167,"date":"2017-07-04T13:15:18","date_gmt":"2017-07-04T10:15:18","guid":{"rendered":"http:\/\/www.sana.sy\/tr\/?p=118167"},"modified":"2017-07-05T15:39:24","modified_gmt":"2017-07-05T12:39:24","slug":"teroristler-ihlalde-bulundu","status":"publish","type":"post","link":"https:\/\/archive.sana.sy\/tr\/?p=118167","title":{"rendered":"Ter\u00f6ristler \u0130hlalde Bulundu"},"content":{"rendered":"<p>S\u00dcVEYDA \u2013 D\u0131\u015f g\u00fc\u00e7lere hizmet eden eli kanl\u0131 ter\u00f6r \u00f6rg\u00fctleri \u00e7at\u0131\u015fmalar\u0131n durdurulmas\u0131 ilan\u0131n\u0131 ihlal ederek S\u00fcveyda k\u0131rsal\u0131 Bekka \u2013 Diybeyn yolu \u00fczerinde seyir eden bir araca ate\u015f a\u00e7t\u0131lar.<\/p>\n<p>S\u00fcveyda Valili\u011finde bir kaynak SANA muhabirine a\u00e7\u0131klamalar\u0131nda; eli kanl\u0131 ter\u00f6ristlerin Bekka \u2013 Diybeyn yolu \u00fczerinde seyir eden bir araca keskin ni\u015fanl\u0131 silahlar\u0131yla ate\u015f a\u00e7malar\u0131 sonucunda aralar\u0131nda 2 kad\u0131n\u0131n bulundu\u011fu 3 ki\u015finin \u015fehit, 2 kad\u0131n\u0131n da yaral\u0131 d\u00fc\u015ft\u00fcklerini belirtti.<\/p>\n<p>Yerel kaynaklar ise Dera k\u0131rsal\u0131ndan gelen ter\u00f6ristlerin yolu kesmeleri ard\u0131ndan ara\u00e7ta bulunan bir aileyi tarad\u0131klar\u0131n\u0131 belirtti. Kaynaklar 5 kad\u0131n ve bir erkekten ibaret ailenin Devlet Hastanesinde bulunan bir yak\u0131nlar\u0131n\u0131n cenazesini teslim almak \u00fczere seyir ettikleri s\u0131rada sald\u0131r\u0131ya maruz kald\u0131klar\u0131na dikkat \u00e7ekti.<\/p>\n<p>Ordu ve Silahl\u0131 Kuvvetler Genel Komutanl\u0131\u011f\u0131 d\u00fcn G\u00fcney B\u00f6lgesi S\u00fcveyda \u2013 Dera \u2013 Kunaytra illerinde ulusal uzla\u015fma ve bar\u0131\u015f\u00e7\u0131l s\u00fcrece destek ama\u00e7l\u0131 olarak 5 g\u00fcn boyunca operasyon ve \u00e7at\u0131\u015fmalar\u0131n durduruldu\u011funu ilan etmi\u015fti.<\/p>\n","protected":false},"excerpt":{"rendered":"<p>S\u00dcVEYDA \u2013 D\u0131\u015f g\u00fc\u00e7lere hizmet eden eli kanl\u0131 ter\u00f6r \u00f6rg\u00fctleri \u00e7at\u0131\u015fmalar\u0131n durdurulmas\u0131 ilan\u0131n\u0131 ihlal ederek S\u00fcveyda k\u0131rsal\u0131 Bekka \u2013 Diybeyn yolu \u00fczerinde seyir eden bir araca ate\u015f a\u00e7t\u0131lar. S\u00fcveyda Valili\u011finde bir kaynak SANA muhabirine a\u00e7\u0131klamalar\u0131nda; eli kanl\u0131 ter\u00f6ristlerin Bekka \u2013 Diybeyn yolu \u00fczerinde seyir eden bir araca keskin ni\u015fanl\u0131 silahlar\u0131yla ate\u015f a\u00e7malar\u0131 sonucunda aralar\u0131nda 2 &hellip;<\/p>\n","protected":false},"author":1,"featured_media":118169,"comment_status":"closed","ping_status":"closed","sticky":false,"template":"","format":"standard","meta":{"footnotes":""},"categories":[479,575,17988,478],"tags":[28891,30719,30718,19034,22181],"class_list":["post-118167","post","type-post","status-publish","format-standard","has-post-thumbnail","","category-haberler-yerel","category-olaylar-ve-gercekler","category-son-haberler","category-yerel","tag-araca-ates-actilar","tag-catismalarin-durdurulmasina-ihlal","tag-ihlal","tag-suriyeli-muhalifler","tag-suriyeliler"],"_links":{"self":[{"href":"https:\/\/archive.sana.sy\/tr\/index.php?rest_route=\/wp\/v2\/posts\/118167","targetHints":{"allow":["GET"]}}],"collection":[{"href":"https:\/\/archive.sana.sy\/tr\/index.php?rest_route=\/wp\/v2\/posts"}],"about":[{"href":"https:\/\/archive.sana.sy\/tr\/index.php?rest_route=\/wp\/v2\/types\/post"}],"author":[{"embeddable":true,"href":"https:\/\/archive.sana.sy\/tr\/index.php?rest_route=\/wp\/v2\/users\/1"}],"replies":[{"embeddable":true,"href":"https:\/\/archive.sana.sy\/tr\/index.php?rest_route=%2Fwp%2Fv2%2Fcomments&post=118167"}],"version-history":[{"count":0,"href":"https:\/\/archive.sana.sy\/tr\/index.php?rest_route=\/wp\/v2\/posts\/118167\/revisions"}],"wp:featuredmedia":[{"embeddable":true,"href":"https:\/\/archive.sana.sy\/tr\/index.php?rest_route=\/wp\/v2\/media\/118169"}],"wp:attachment":[{"href":"https:\/\/archive.sana.sy\/tr\/index.php?rest_route=%2Fwp%2Fv2%2Fmedia&parent=118167"}],"wp:term":[{"taxonomy":"category","embeddable":true,"href":"https:\/\/archive.sana.sy\/tr\/index.php?rest_route=%2Fwp%2Fv2%2Fcategories&post=118167"},{"taxonomy":"post_tag","embeddable":true,"href":"https:\/\/archive.sana.sy\/tr\/index.php?rest_route=%2Fwp%2Fv2%2Ftags&post=118167"}],"curies":[{"name":"wp","href":"https:\/\/api.w.org\/{rel}","templated":true}]}}