{"id":118183,"date":"2017-07-04T15:25:02","date_gmt":"2017-07-04T12:25:02","guid":{"rendered":"http:\/\/www.sana.sy\/tr\/?p=118183"},"modified":"2017-07-04T15:25:02","modified_gmt":"2017-07-04T12:25:02","slug":"cumhurbaskani-el-esad-gorevini-yeni-devralan-antakya-ve-tum-dogu-melkite-rum-katolikler-patrigi-yusuf-el-absi-baskanligindaki-patriklik-heyetini-kabul-ediyor","status":"publish","type":"post","link":"https:\/\/archive.sana.sy\/tr\/?p=118183","title":{"rendered":"Cumhurba\u015fkan\u0131 el Esad, g\u00f6revini yeni devralan Antakya ve T\u00fcm Do\u011fu Melkite Rum Katolikler Patri\u011fi Yusuf el Absi ba\u015fkanl\u0131\u011f\u0131ndaki patriklik heyetini kabul ediyor"},"content":{"rendered":"<p>Cumhurba\u015fkan\u0131 el Esad, g\u00f6revini yeni devralan Antakya ve T\u00fcm Do\u011fu Melkite Rum Katolikler Patri\u011fi Yusuf el Absi ba\u015fkanl\u0131\u011f\u0131ndaki patriklik heyetini kabul ediyor<\/p>\n<div id='gallery-1' class='gallery galleryid-118183 gallery-columns-3 gallery-size-thumbnail'><figure class='gallery-item'>\n\t\t\t<div class='gallery-icon landscape'>\n\t\t\t\t<a href='https:\/\/archive.sana.sy\/tr\/wp-content\/uploads\/2017\/07\/Esad-1.jpg-1-1.jpg'><img loading=\"lazy\" decoding=\"async\" width=\"150\" height=\"75\" src=\"https:\/\/archive.sana.sy\/tr\/wp-content\/uploads\/2017\/07\/Esad-1.jpg-1-1-150x75.jpg\" class=\"attachment-thumbnail size-thumbnail\" alt=\"\" srcset=\"https:\/\/archive.sana.sy\/tr\/wp-content\/uploads\/2017\/07\/Esad-1.jpg-1-1-150x75.jpg 150w, https:\/\/archive.sana.sy\/tr\/wp-content\/uploads\/2017\/07\/Esad-1.jpg-1-1-300x150.jpg 300w, https:\/\/archive.sana.sy\/tr\/wp-content\/uploads\/2017\/07\/Esad-1.jpg-1-1.jpg 660w\" sizes=\"auto, (max-width: 150px) 100vw, 150px\" \/><\/a>\n\t\t\t<\/div><\/figure><figure class='gallery-item'>\n\t\t\t<div class='gallery-icon landscape'>\n\t\t\t\t<a href='https:\/\/archive.sana.sy\/tr\/wp-content\/uploads\/2017\/07\/Esad-1.jpg'><img loading=\"lazy\" decoding=\"async\" width=\"150\" height=\"130\" src=\"https:\/\/archive.sana.sy\/tr\/wp-content\/uploads\/2017\/07\/Esad-1-150x130.jpg\" class=\"attachment-thumbnail size-thumbnail\" alt=\"\" srcset=\"https:\/\/archive.sana.sy\/tr\/wp-content\/uploads\/2017\/07\/Esad-1-150x130.jpg 150w, https:\/\/archive.sana.sy\/tr\/wp-content\/uploads\/2017\/07\/Esad-1-300x259.jpg 300w, https:\/\/archive.sana.sy\/tr\/wp-content\/uploads\/2017\/07\/Esad-1-768x664.jpg 768w, https:\/\/archive.sana.sy\/tr\/wp-content\/uploads\/2017\/07\/Esad-1-1024x885.jpg 1024w\" sizes=\"auto, (max-width: 150px) 100vw, 150px\" \/><\/a>\n\t\t\t<\/div><\/figure><figure class='gallery-item'>\n\t\t\t<div class='gallery-icon landscape'>\n\t\t\t\t<a href='https:\/\/archive.sana.sy\/tr\/wp-content\/uploads\/2017\/07\/Esad.jpg-1.jpg'><img loading=\"lazy\" decoding=\"async\" width=\"150\" height=\"77\" src=\"https:\/\/archive.sana.sy\/tr\/wp-content\/uploads\/2017\/07\/Esad.jpg-1-150x77.jpg\" class=\"attachment-thumbnail size-thumbnail\" alt=\"\" srcset=\"https:\/\/archive.sana.sy\/tr\/wp-content\/uploads\/2017\/07\/Esad.jpg-1-150x77.jpg 150w, https:\/\/archive.sana.sy\/tr\/wp-content\/uploads\/2017\/07\/Esad.jpg-1-300x154.jpg 300w, https:\/\/archive.sana.sy\/tr\/wp-content\/uploads\/2017\/07\/Esad.jpg-1-768x394.jpg 768w, https:\/\/archive.sana.sy\/tr\/wp-content\/uploads\/2017\/07\/Esad.jpg-1-1024x525.jpg 1024w\" sizes=\"auto, (max-width: 150px) 100vw, 150px\" \/><\/a>\n\t\t\t<\/div><\/figure>\n\t\t<\/div>\n\n","protected":false},"excerpt":{"rendered":"<p>Cumhurba\u015fkan\u0131 el Esad, g\u00f6revini yeni devralan Antakya ve T\u00fcm Do\u011fu Melkite Rum Katolikler Patri\u011fi Yusuf el Absi ba\u015fkanl\u0131\u011f\u0131ndaki patriklik heyetini kabul ediyor<\/p>\n","protected":false},"author":1,"featured_media":118202,"comment_status":"closed","ping_status":"closed","sticky":false,"template":"","format":"standard","meta":{"footnotes":""},"categories":[6459],"tags":[],"class_list":["post-118183","post","type-post","status-publish","format-standard","has-post-thumbnail","","category-sana-fotolarl"],"_links":{"self":[{"href":"https:\/\/archive.sana.sy\/tr\/index.php?rest_route=\/wp\/v2\/posts\/118183","targetHints":{"allow":["GET"]}}],"collection":[{"href":"https:\/\/archive.sana.sy\/tr\/index.php?rest_route=\/wp\/v2\/posts"}],"about":[{"href":"https:\/\/archive.sana.sy\/tr\/index.php?rest_route=\/wp\/v2\/types\/post"}],"author":[{"embeddable":true,"href":"https:\/\/archive.sana.sy\/tr\/index.php?rest_route=\/wp\/v2\/users\/1"}],"replies":[{"embeddable":true,"href":"https:\/\/archive.sana.sy\/tr\/index.php?rest_route=%2Fwp%2Fv2%2Fcomments&post=118183"}],"version-history":[{"count":0,"href":"https:\/\/archive.sana.sy\/tr\/index.php?rest_route=\/wp\/v2\/posts\/118183\/revisions"}],"wp:featuredmedia":[{"embeddable":true,"href":"https:\/\/archive.sana.sy\/tr\/index.php?rest_route=\/wp\/v2\/media\/118202"}],"wp:attachment":[{"href":"https:\/\/archive.sana.sy\/tr\/index.php?rest_route=%2Fwp%2Fv2%2Fmedia&parent=118183"}],"wp:term":[{"taxonomy":"category","embeddable":true,"href":"https:\/\/archive.sana.sy\/tr\/index.php?rest_route=%2Fwp%2Fv2%2Fcategories&post=118183"},{"taxonomy":"post_tag","embeddable":true,"href":"https:\/\/archive.sana.sy\/tr\/index.php?rest_route=%2Fwp%2Fv2%2Ftags&post=118183"}],"curies":[{"name":"wp","href":"https:\/\/api.w.org\/{rel}","templated":true}]}}