{"id":11827,"date":"2014-09-30T16:50:56","date_gmt":"2014-09-30T13:50:56","guid":{"rendered":"http:\/\/www.sana.sy\/tr\/?p=11827"},"modified":"2014-09-30T16:50:56","modified_gmt":"2014-09-30T13:50:56","slug":"suriye-pazari-etkinliklerinde-gercekler-fransa-kamuoyuna-aktariliyor","status":"publish","type":"post","link":"https:\/\/archive.sana.sy\/tr\/?p=11827","title":{"rendered":"Suriye Pazar\u0131 Etkinliklerinde Ger\u00e7ekler Fransa Kamuoyuna Aktar\u0131l\u0131yor"},"content":{"rendered":"<p>Fransa\u2019da bulunan Suriyeli gurbet\u00e7ilerin d\u00fczenledi\u011fi ve her ay\u0131n son Pazar g\u00fcn\u00fc periyodik olarak kutlanan \u201cSuriye Pazar\u0131\u201d etkinli\u011finde bu hafta da gurbet\u00e7ilerimiz anavatanlar\u0131n\u0131n k\u00f6kl\u00fc tarihi, k\u00fclt\u00fcrel ve geleneksel zenginliklerini tan\u0131tmaya devam ettiler.<\/p>\n<p>Bat\u0131l\u0131 devletlerin ve Arap i\u015fbirlik\u00e7ilerinin finanse etti\u011fi ter\u00f6r olaylar\u0131yla ilgili Suriye&#8217;de ya\u015fanan ger\u00e7ekleri Fransa kamuoyuna aktarma faaliyetlerini de kapsayan Suriye Pazar\u0131 etkinli\u011finde ayr\u0131ca ter\u00f6rle m\u00fccadele kapsam\u0131nda Suriye\u2019nin kahraman ordusu ve halk\u0131n\u0131n sergiledi\u011fi fedakarl\u0131klara da yer verildi.<\/p>\n<p>Suriye&#8217;de bulunan en g\u00fczel arkeolojik platformlara ili\u015fkin belgesel film g\u00f6sterimi ile ba\u015flayan Suriye Pazar\u0131 etkinli\u011fine her ya\u015f ve kesimden Frans\u0131zlar da kat\u0131l\u0131m g\u00f6sterdiler.<\/p>\n<div id='gallery-1' class='gallery galleryid-11827 gallery-columns-2 gallery-size-thumbnail'><figure class='gallery-item'>\n\t\t\t<div class='gallery-icon portrait'>\n\t\t\t\t<a href='https:\/\/archive.sana.sy\/tr\/wp-content\/uploads\/2014\/09\/Suriye-pazar\u0131-21.jpg'><img loading=\"lazy\" decoding=\"async\" width=\"112\" height=\"150\" src=\"https:\/\/archive.sana.sy\/tr\/wp-content\/uploads\/2014\/09\/Suriye-pazar\u0131-21-112x150.jpg\" class=\"attachment-thumbnail size-thumbnail\" alt=\"\" srcset=\"https:\/\/archive.sana.sy\/tr\/wp-content\/uploads\/2014\/09\/Suriye-pazar\u0131-21-112x150.jpg 112w, https:\/\/archive.sana.sy\/tr\/wp-content\/uploads\/2014\/09\/Suriye-pazar\u0131-21-225x300.jpg 225w, https:\/\/archive.sana.sy\/tr\/wp-content\/uploads\/2014\/09\/Suriye-pazar\u0131-21-768x1024.jpg 768w\" sizes=\"auto, (max-width: 112px) 100vw, 112px\" \/><\/a>\n\t\t\t<\/div><\/figure><figure class='gallery-item'>\n\t\t\t<div class='gallery-icon landscape'>\n\t\t\t\t<a href='https:\/\/archive.sana.sy\/tr\/wp-content\/uploads\/2014\/09\/Suriye-pazar\u0131-31.jpg'><img loading=\"lazy\" decoding=\"async\" width=\"150\" height=\"112\" src=\"https:\/\/archive.sana.sy\/tr\/wp-content\/uploads\/2014\/09\/Suriye-pazar\u0131-31-150x112.jpg\" class=\"attachment-thumbnail size-thumbnail\" alt=\"\" srcset=\"https:\/\/archive.sana.sy\/tr\/wp-content\/uploads\/2014\/09\/Suriye-pazar\u0131-31-150x112.jpg 150w, https:\/\/archive.sana.sy\/tr\/wp-content\/uploads\/2014\/09\/Suriye-pazar\u0131-31-300x225.jpg 300w, https:\/\/archive.sana.sy\/tr\/wp-content\/uploads\/2014\/09\/Suriye-pazar\u0131-31.jpg 960w\" sizes=\"auto, (max-width: 150px) 100vw, 150px\" \/><\/a>\n\t\t\t<\/div><\/figure><figure class='gallery-item'>\n\t\t\t<div class='gallery-icon landscape'>\n\t\t\t\t<a href='https:\/\/archive.sana.sy\/tr\/wp-content\/uploads\/2014\/09\/Suriye-pazar\u0131-41.jpg'><img loading=\"lazy\" decoding=\"async\" width=\"150\" height=\"112\" src=\"https:\/\/archive.sana.sy\/tr\/wp-content\/uploads\/2014\/09\/Suriye-pazar\u0131-41-150x112.jpg\" class=\"attachment-thumbnail size-thumbnail\" alt=\"\" srcset=\"https:\/\/archive.sana.sy\/tr\/wp-content\/uploads\/2014\/09\/Suriye-pazar\u0131-41-150x112.jpg 150w, https:\/\/archive.sana.sy\/tr\/wp-content\/uploads\/2014\/09\/Suriye-pazar\u0131-41-300x225.jpg 300w, https:\/\/archive.sana.sy\/tr\/wp-content\/uploads\/2014\/09\/Suriye-pazar\u0131-41.jpg 960w\" sizes=\"auto, (max-width: 150px) 100vw, 150px\" \/><\/a>\n\t\t\t<\/div><\/figure><figure class='gallery-item'>\n\t\t\t<div class='gallery-icon portrait'>\n\t\t\t\t<a href='https:\/\/archive.sana.sy\/tr\/wp-content\/uploads\/2014\/09\/Suriye-pazar\u0131-51.jpg'><img loading=\"lazy\" decoding=\"async\" width=\"112\" height=\"150\" src=\"https:\/\/archive.sana.sy\/tr\/wp-content\/uploads\/2014\/09\/Suriye-pazar\u0131-51-112x150.jpg\" class=\"attachment-thumbnail size-thumbnail\" alt=\"\" srcset=\"https:\/\/archive.sana.sy\/tr\/wp-content\/uploads\/2014\/09\/Suriye-pazar\u0131-51-112x150.jpg 112w, https:\/\/archive.sana.sy\/tr\/wp-content\/uploads\/2014\/09\/Suriye-pazar\u0131-51-225x300.jpg 225w, https:\/\/archive.sana.sy\/tr\/wp-content\/uploads\/2014\/09\/Suriye-pazar\u0131-51-768x1024.jpg 768w\" sizes=\"auto, (max-width: 112px) 100vw, 112px\" \/><\/a>\n\t\t\t<\/div><\/figure>\n\t\t<\/div>\n\n","protected":false},"excerpt":{"rendered":"<p>Fransa\u2019da bulunan Suriyeli gurbet\u00e7ilerin d\u00fczenledi\u011fi ve her ay\u0131n son Pazar g\u00fcn\u00fc periyodik olarak kutlanan \u201cSuriye Pazar\u0131\u201d etkinli\u011finde bu hafta da gurbet\u00e7ilerimiz anavatanlar\u0131n\u0131n k\u00f6kl\u00fc tarihi, k\u00fclt\u00fcrel ve geleneksel zenginliklerini tan\u0131tmaya devam ettiler. Bat\u0131l\u0131 devletlerin ve Arap i\u015fbirlik\u00e7ilerinin finanse etti\u011fi ter\u00f6r olaylar\u0131yla ilgili Suriye&#8217;de ya\u015fanan ger\u00e7ekleri Fransa kamuoyuna aktarma faaliyetlerini de kapsayan Suriye Pazar\u0131 etkinli\u011finde ayr\u0131ca ter\u00f6rle &hellip;<\/p>\n","protected":false},"author":1,"featured_media":11828,"comment_status":"closed","ping_status":"closed","sticky":false,"template":"","format":"standard","meta":{"footnotes":""},"categories":[458,596,459,525],"tags":[2899],"class_list":["post-11827","post","type-post","status-publish","format-standard","has-post-thumbnail","","category-dunya1","category-fotografli-raporlar","category-haberler-arap-uluslararasi-politika","category-toplum","tag-suriye-pazari-etkinliklerinde-gercekler-fransa-kamuoyuna-aktariliyor"],"_links":{"self":[{"href":"https:\/\/archive.sana.sy\/tr\/index.php?rest_route=\/wp\/v2\/posts\/11827","targetHints":{"allow":["GET"]}}],"collection":[{"href":"https:\/\/archive.sana.sy\/tr\/index.php?rest_route=\/wp\/v2\/posts"}],"about":[{"href":"https:\/\/archive.sana.sy\/tr\/index.php?rest_route=\/wp\/v2\/types\/post"}],"author":[{"embeddable":true,"href":"https:\/\/archive.sana.sy\/tr\/index.php?rest_route=\/wp\/v2\/users\/1"}],"replies":[{"embeddable":true,"href":"https:\/\/archive.sana.sy\/tr\/index.php?rest_route=%2Fwp%2Fv2%2Fcomments&post=11827"}],"version-history":[{"count":0,"href":"https:\/\/archive.sana.sy\/tr\/index.php?rest_route=\/wp\/v2\/posts\/11827\/revisions"}],"wp:featuredmedia":[{"embeddable":true,"href":"https:\/\/archive.sana.sy\/tr\/index.php?rest_route=\/wp\/v2\/media\/11828"}],"wp:attachment":[{"href":"https:\/\/archive.sana.sy\/tr\/index.php?rest_route=%2Fwp%2Fv2%2Fmedia&parent=11827"}],"wp:term":[{"taxonomy":"category","embeddable":true,"href":"https:\/\/archive.sana.sy\/tr\/index.php?rest_route=%2Fwp%2Fv2%2Fcategories&post=11827"},{"taxonomy":"post_tag","embeddable":true,"href":"https:\/\/archive.sana.sy\/tr\/index.php?rest_route=%2Fwp%2Fv2%2Ftags&post=11827"}],"curies":[{"name":"wp","href":"https:\/\/api.w.org\/{rel}","templated":true}]}}