{"id":118340,"date":"2017-07-05T16:08:41","date_gmt":"2017-07-05T13:08:41","guid":{"rendered":"http:\/\/www.sana.sy\/tr\/?p=118340"},"modified":"2017-07-05T16:16:33","modified_gmt":"2017-07-05T13:16:33","slug":"suriyede-gerilimi-azaltma-bolgelerinin-belirlenmesine-iliskin-tum-kosullarin-temin-edilmesinde-garantor-ulkeler-arasindaki-ortak-calisma-grubunun-gorevlendirildigi-ortak-beyanda-suriyede-catismal","status":"publish","type":"post","link":"https:\/\/archive.sana.sy\/tr\/?p=118340","title":{"rendered":"Suriye&#8217;de gerilimi azaltma b\u00f6lgelerinin belirlenmesine ili\u015fkin t\u00fcm ko\u015fullar\u0131n temin edilmesinde garant\u00f6r \u00fclkeler aras\u0131ndaki ortak \u00e7al\u0131\u015fma grubunun g\u00f6revlendirildi\u011fi ortak beyanda; Suriye&#8217;de \u00e7at\u0131\u015fmalar\u0131 durdurma durumu ve t\u00fcm taraflar aras\u0131nda g\u00fcveni peki\u015ftirme gere\u011finin alt\u0131 \u00e7izildi."},"content":{"rendered":"<p>Suriye&#8217;de gerilimi azaltma b\u00f6lgelerinin belirlenmesine ili\u015fkin t\u00fcm ko\u015fullar\u0131n temin edilmesinde garant\u00f6r \u00fclkeler aras\u0131ndaki ortak \u00e7al\u0131\u015fma grubunun g\u00f6revlendirildi\u011fi ortak beyanda; Suriye&#8217;de \u00e7at\u0131\u015fmalar\u0131 durdurma durumu ve t\u00fcm taraflar aras\u0131nda g\u00fcveni peki\u015ftirme gere\u011finin alt\u0131 \u00e7izildi.<\/p>\n","protected":false},"excerpt":{"rendered":"<p>Suriye&#8217;de gerilimi azaltma b\u00f6lgelerinin belirlenmesine ili\u015fkin t\u00fcm ko\u015fullar\u0131n temin edilmesinde garant\u00f6r \u00fclkeler aras\u0131ndaki ortak \u00e7al\u0131\u015fma grubunun g\u00f6revlendirildi\u011fi ortak beyanda; Suriye&#8217;de \u00e7at\u0131\u015fmalar\u0131 durdurma durumu ve t\u00fcm taraflar aras\u0131nda g\u00fcveni peki\u015ftirme gere\u011finin alt\u0131 \u00e7izildi.<\/p>\n","protected":false},"author":1,"featured_media":0,"comment_status":"closed","ping_status":"closed","sticky":false,"template":"","format":"standard","meta":{"footnotes":""},"categories":[17991],"tags":[],"class_list":["post-118340","post","type-post","status-publish","format-standard","","category-son-dakika"],"_links":{"self":[{"href":"https:\/\/archive.sana.sy\/tr\/index.php?rest_route=\/wp\/v2\/posts\/118340","targetHints":{"allow":["GET"]}}],"collection":[{"href":"https:\/\/archive.sana.sy\/tr\/index.php?rest_route=\/wp\/v2\/posts"}],"about":[{"href":"https:\/\/archive.sana.sy\/tr\/index.php?rest_route=\/wp\/v2\/types\/post"}],"author":[{"embeddable":true,"href":"https:\/\/archive.sana.sy\/tr\/index.php?rest_route=\/wp\/v2\/users\/1"}],"replies":[{"embeddable":true,"href":"https:\/\/archive.sana.sy\/tr\/index.php?rest_route=%2Fwp%2Fv2%2Fcomments&post=118340"}],"version-history":[{"count":0,"href":"https:\/\/archive.sana.sy\/tr\/index.php?rest_route=\/wp\/v2\/posts\/118340\/revisions"}],"wp:attachment":[{"href":"https:\/\/archive.sana.sy\/tr\/index.php?rest_route=%2Fwp%2Fv2%2Fmedia&parent=118340"}],"wp:term":[{"taxonomy":"category","embeddable":true,"href":"https:\/\/archive.sana.sy\/tr\/index.php?rest_route=%2Fwp%2Fv2%2Fcategories&post=118340"},{"taxonomy":"post_tag","embeddable":true,"href":"https:\/\/archive.sana.sy\/tr\/index.php?rest_route=%2Fwp%2Fv2%2Ftags&post=118340"}],"curies":[{"name":"wp","href":"https:\/\/api.w.org\/{rel}","templated":true}]}}