{"id":118348,"date":"2017-07-05T16:10:13","date_gmt":"2017-07-05T13:10:13","guid":{"rendered":"http:\/\/www.sana.sy\/tr\/?p=118348"},"modified":"2017-07-05T16:18:36","modified_gmt":"2017-07-05T13:18:36","slug":"astana-5-gorusmelerinin-bitiminde-ilan-edilen-ortak-beyanda-astana-6-gorusmelerinin-agustos-ayinin-son-haftasinda-kazakistanin-baskenti-astanada-yapilmasi-uzerinde-anlasildigi-kayd","status":"publish","type":"post","link":"https:\/\/archive.sana.sy\/tr\/?p=118348","title":{"rendered":"Astana 5 g\u00f6r\u00fc\u015fmelerinin bitiminde ilan edilen ortak beyanda; Astana 6 g\u00f6r\u00fc\u015fmelerinin, A\u011fustos Ay\u0131n\u0131n son haftas\u0131nda Kazakistan\u2019\u0131n ba\u015fkenti Astana\u2019da yap\u0131lmas\u0131 \u00fczerinde anla\u015f\u0131ld\u0131\u011f\u0131 kaydedildi."},"content":{"rendered":"<p>Astana 5 g\u00f6r\u00fc\u015fmelerinin bitiminde ilan edilen ortak beyanda; Astana 6 g\u00f6r\u00fc\u015fmelerinin, A\u011fustos Ay\u0131n\u0131n son haftas\u0131nda Kazakistan\u2019\u0131n ba\u015fkenti Astana\u2019da yap\u0131lmas\u0131 \u00fczerinde anla\u015f\u0131ld\u0131\u011f\u0131 kaydedildi.<\/p>\n","protected":false},"excerpt":{"rendered":"<p>Astana 5 g\u00f6r\u00fc\u015fmelerinin bitiminde ilan edilen ortak beyanda; Astana 6 g\u00f6r\u00fc\u015fmelerinin, A\u011fustos Ay\u0131n\u0131n son haftas\u0131nda Kazakistan\u2019\u0131n ba\u015fkenti Astana\u2019da yap\u0131lmas\u0131 \u00fczerinde anla\u015f\u0131ld\u0131\u011f\u0131 kaydedildi.<\/p>\n","protected":false},"author":1,"featured_media":0,"comment_status":"closed","ping_status":"closed","sticky":false,"template":"","format":"standard","meta":{"footnotes":""},"categories":[17991],"tags":[],"class_list":["post-118348","post","type-post","status-publish","format-standard","","category-son-dakika"],"_links":{"self":[{"href":"https:\/\/archive.sana.sy\/tr\/index.php?rest_route=\/wp\/v2\/posts\/118348","targetHints":{"allow":["GET"]}}],"collection":[{"href":"https:\/\/archive.sana.sy\/tr\/index.php?rest_route=\/wp\/v2\/posts"}],"about":[{"href":"https:\/\/archive.sana.sy\/tr\/index.php?rest_route=\/wp\/v2\/types\/post"}],"author":[{"embeddable":true,"href":"https:\/\/archive.sana.sy\/tr\/index.php?rest_route=\/wp\/v2\/users\/1"}],"replies":[{"embeddable":true,"href":"https:\/\/archive.sana.sy\/tr\/index.php?rest_route=%2Fwp%2Fv2%2Fcomments&post=118348"}],"version-history":[{"count":0,"href":"https:\/\/archive.sana.sy\/tr\/index.php?rest_route=\/wp\/v2\/posts\/118348\/revisions"}],"wp:attachment":[{"href":"https:\/\/archive.sana.sy\/tr\/index.php?rest_route=%2Fwp%2Fv2%2Fmedia&parent=118348"}],"wp:term":[{"taxonomy":"category","embeddable":true,"href":"https:\/\/archive.sana.sy\/tr\/index.php?rest_route=%2Fwp%2Fv2%2Fcategories&post=118348"},{"taxonomy":"post_tag","embeddable":true,"href":"https:\/\/archive.sana.sy\/tr\/index.php?rest_route=%2Fwp%2Fv2%2Ftags&post=118348"}],"curies":[{"name":"wp","href":"https:\/\/api.w.org\/{rel}","templated":true}]}}