{"id":11837,"date":"2014-09-30T17:08:44","date_gmt":"2014-09-30T14:08:44","guid":{"rendered":"http:\/\/www.sana.sy\/tr\/?p=11837"},"modified":"2014-09-30T17:08:44","modified_gmt":"2014-09-30T14:08:44","slug":"sayin-cumhurbaskani-bessar-el-esad-iran-islami-cumhuriyet-ulusal-guvenlik-ust-konseyi-baskani-ali-semhaniyi-kabul-etti","status":"publish","type":"post","link":"https:\/\/archive.sana.sy\/tr\/?p=11837","title":{"rendered":"Say\u0131n Cumhurba\u015fkan\u0131 Be\u015f\u015far el Esad \u0130ran \u0130slami Cumhuriyet Ulusal G\u00fcvenlik \u00dcst Konseyi Ba\u015fkan\u0131 Ali \u015eemhani\u2019yi kabul etti."},"content":{"rendered":"<p>Say\u0131n Cumhurba\u015fkan\u0131 Be\u015f\u015far el Esad \u0130ran \u0130slami Cumhuriyet Ulusal G\u00fcvenlik \u00dcst Konseyi Ba\u015fkan\u0131 Ali \u015eemhani\u2019yi kabul etti.<\/p>\n","protected":false},"excerpt":{"rendered":"<p>Say\u0131n Cumhurba\u015fkan\u0131 Be\u015f\u015far el Esad \u0130ran \u0130slami Cumhuriyet Ulusal G\u00fcvenlik \u00dcst Konseyi Ba\u015fkan\u0131 Ali \u015eemhani\u2019yi kabul etti.<\/p>\n","protected":false},"author":1,"featured_media":0,"comment_status":"closed","ping_status":"closed","sticky":false,"template":"","format":"standard","meta":{"footnotes":""},"categories":[1],"tags":[],"class_list":["post-11837","post","type-post","status-publish","format-standard","","category-news-not-sorted"],"_links":{"self":[{"href":"https:\/\/archive.sana.sy\/tr\/index.php?rest_route=\/wp\/v2\/posts\/11837","targetHints":{"allow":["GET"]}}],"collection":[{"href":"https:\/\/archive.sana.sy\/tr\/index.php?rest_route=\/wp\/v2\/posts"}],"about":[{"href":"https:\/\/archive.sana.sy\/tr\/index.php?rest_route=\/wp\/v2\/types\/post"}],"author":[{"embeddable":true,"href":"https:\/\/archive.sana.sy\/tr\/index.php?rest_route=\/wp\/v2\/users\/1"}],"replies":[{"embeddable":true,"href":"https:\/\/archive.sana.sy\/tr\/index.php?rest_route=%2Fwp%2Fv2%2Fcomments&post=11837"}],"version-history":[{"count":0,"href":"https:\/\/archive.sana.sy\/tr\/index.php?rest_route=\/wp\/v2\/posts\/11837\/revisions"}],"wp:attachment":[{"href":"https:\/\/archive.sana.sy\/tr\/index.php?rest_route=%2Fwp%2Fv2%2Fmedia&parent=11837"}],"wp:term":[{"taxonomy":"category","embeddable":true,"href":"https:\/\/archive.sana.sy\/tr\/index.php?rest_route=%2Fwp%2Fv2%2Fcategories&post=11837"},{"taxonomy":"post_tag","embeddable":true,"href":"https:\/\/archive.sana.sy\/tr\/index.php?rest_route=%2Fwp%2Fv2%2Ftags&post=11837"}],"curies":[{"name":"wp","href":"https:\/\/api.w.org\/{rel}","templated":true}]}}