{"id":11848,"date":"2014-09-30T17:28:18","date_gmt":"2014-09-30T14:28:18","guid":{"rendered":"http:\/\/www.sana.sy\/tr\/?p=11848"},"modified":"2014-09-30T17:28:18","modified_gmt":"2014-09-30T14:28:18","slug":"sayin-cumhurbaskani-esad-semhaniye-teroristlerin-yaydigi-ve-bazi-bolgesel-ulkelerin-besledigi-tekfirci-dusunceyle-mucadelenin-girdikleri-her-bolgeye-olum-ve-yikim-sacan-halklarin-tarihsel-ve","status":"publish","type":"post","link":"https:\/\/archive.sana.sy\/tr\/?p=11848","title":{"rendered":"Say\u0131n Cumhurba\u015fkan\u0131 Esad \u015eemhani\u2019ye ter\u00f6ristlerin yayd\u0131\u011f\u0131 ve baz\u0131 b\u00f6lgesel \u00fclkelerin besledi\u011fi tekfirci d\u00fc\u015f\u00fcnceyle m\u00fccadelenin girdikleri her b\u00f6lgeye \u00f6l\u00fcm ve y\u0131k\u0131m sa\u00e7an, halklar\u0131n tarihsel ve uygarl\u0131k miras\u0131n\u0131 imha eden ter\u00f6ristlerle sava\u015ftan daha az \u00f6nem ta\u015f\u0131mad\u0131\u0131\u011f\u0131n\u0131 kaydetti."},"content":{"rendered":"<p>Say\u0131n Cumhurba\u015fkan\u0131 Esad \u015eemhani\u2019ye ter\u00f6ristlerin yayd\u0131\u011f\u0131 ve baz\u0131 b\u00f6lgesel \u00fclkelerin besledi\u011fi tekfirci d\u00fc\u015f\u00fcnceyle m\u00fccadelenin girdikleri her b\u00f6lgeye \u00f6l\u00fcm ve y\u0131k\u0131m sa\u00e7an, halklar\u0131n tarihsel ve uygarl\u0131k miras\u0131n\u0131 imha eden ter\u00f6ristlerle sava\u015ftan daha az \u00f6nem ta\u015f\u0131mad\u0131\u0131\u011f\u0131n\u0131 kaydetti.<\/p>\n","protected":false},"excerpt":{"rendered":"<p>Say\u0131n Cumhurba\u015fkan\u0131 Esad \u015eemhani\u2019ye ter\u00f6ristlerin yayd\u0131\u011f\u0131 ve baz\u0131 b\u00f6lgesel \u00fclkelerin besledi\u011fi tekfirci d\u00fc\u015f\u00fcnceyle m\u00fccadelenin girdikleri her b\u00f6lgeye \u00f6l\u00fcm ve y\u0131k\u0131m sa\u00e7an, halklar\u0131n tarihsel ve uygarl\u0131k miras\u0131n\u0131 imha eden ter\u00f6ristlerle sava\u015ftan daha az \u00f6nem ta\u015f\u0131mad\u0131\u0131\u011f\u0131n\u0131 kaydetti.<\/p>\n","protected":false},"author":1,"featured_media":0,"comment_status":"closed","ping_status":"closed","sticky":false,"template":"","format":"standard","meta":{"footnotes":""},"categories":[1],"tags":[],"class_list":["post-11848","post","type-post","status-publish","format-standard","","category-news-not-sorted"],"_links":{"self":[{"href":"https:\/\/archive.sana.sy\/tr\/index.php?rest_route=\/wp\/v2\/posts\/11848","targetHints":{"allow":["GET"]}}],"collection":[{"href":"https:\/\/archive.sana.sy\/tr\/index.php?rest_route=\/wp\/v2\/posts"}],"about":[{"href":"https:\/\/archive.sana.sy\/tr\/index.php?rest_route=\/wp\/v2\/types\/post"}],"author":[{"embeddable":true,"href":"https:\/\/archive.sana.sy\/tr\/index.php?rest_route=\/wp\/v2\/users\/1"}],"replies":[{"embeddable":true,"href":"https:\/\/archive.sana.sy\/tr\/index.php?rest_route=%2Fwp%2Fv2%2Fcomments&post=11848"}],"version-history":[{"count":0,"href":"https:\/\/archive.sana.sy\/tr\/index.php?rest_route=\/wp\/v2\/posts\/11848\/revisions"}],"wp:attachment":[{"href":"https:\/\/archive.sana.sy\/tr\/index.php?rest_route=%2Fwp%2Fv2%2Fmedia&parent=11848"}],"wp:term":[{"taxonomy":"category","embeddable":true,"href":"https:\/\/archive.sana.sy\/tr\/index.php?rest_route=%2Fwp%2Fv2%2Fcategories&post=11848"},{"taxonomy":"post_tag","embeddable":true,"href":"https:\/\/archive.sana.sy\/tr\/index.php?rest_route=%2Fwp%2Fv2%2Ftags&post=11848"}],"curies":[{"name":"wp","href":"https:\/\/api.w.org\/{rel}","templated":true}]}}