{"id":11856,"date":"2014-09-30T18:14:51","date_gmt":"2014-09-30T15:14:51","guid":{"rendered":"http:\/\/www.sana.sy\/tr\/?p=11856"},"modified":"2014-09-30T18:14:51","modified_gmt":"2014-09-30T15:14:51","slug":"23-kanun-kacagi-teslim-oldu","status":"publish","type":"post","link":"https:\/\/archive.sana.sy\/tr\/?p=11856","title":{"rendered":"23 Kanun Ka\u00e7a\u011f\u0131 Teslim Oldu"},"content":{"rendered":"<p>HAMA \u2013 Hama \u0130linde 23 kanun ka\u00e7a\u011f\u0131 g\u00fcvenlik birimlerine teslim oldular.<br \/>\nGenel af yasas\u0131ndan yararlanmak isteyen kanun ka\u00e7aklar\u0131 bir daha ulusal g\u00fcvene kar\u015f\u0131 su\u00e7 i\u015flemeyeceklerine dair taahh\u00fct etmeleri \u00fczerine serbest b\u0131rak\u0131ld\u0131lar.<\/p>\n<p>Hama Valisi \u011eassan el Halaf, ihanet ve ter\u00f6r elinin y\u0131kt\u0131klar\u0131n\u0131 yeniden in\u015fa etmek i\u00e7in Suriye\u2019nin b\u00fct\u00fcn evlatlar\u0131na ihtiya\u00e7 duydu\u011funu, vatan\u0131n b\u00fct\u00fcn evlatlar\u0131n\u0131 kucaklamaya devam etti\u011fini kaydetti.<\/p>\n","protected":false},"excerpt":{"rendered":"<p>HAMA \u2013 Hama \u0130linde 23 kanun ka\u00e7a\u011f\u0131 g\u00fcvenlik birimlerine teslim oldular. Genel af yasas\u0131ndan yararlanmak isteyen kanun ka\u00e7aklar\u0131 bir daha ulusal g\u00fcvene kar\u015f\u0131 su\u00e7 i\u015flemeyeceklerine dair taahh\u00fct etmeleri \u00fczerine serbest b\u0131rak\u0131ld\u0131lar. Hama Valisi \u011eassan el Halaf, ihanet ve ter\u00f6r elinin y\u0131kt\u0131klar\u0131n\u0131 yeniden in\u015fa etmek i\u00e7in Suriye\u2019nin b\u00fct\u00fcn evlatlar\u0131na ihtiya\u00e7 duydu\u011funu, vatan\u0131n b\u00fct\u00fcn evlatlar\u0131n\u0131 kucaklamaya devam &hellip;<\/p>\n","protected":false},"author":1,"featured_media":11857,"comment_status":"closed","ping_status":"closed","sticky":false,"template":"","format":"standard","meta":{"footnotes":""},"categories":[479,575,478],"tags":[2901],"class_list":["post-11856","post","type-post","status-publish","format-standard","has-post-thumbnail","","category-haberler-yerel","category-olaylar-ve-gercekler","category-yerel","tag-23-kanun-kacagi-teslim-oldu"],"_links":{"self":[{"href":"https:\/\/archive.sana.sy\/tr\/index.php?rest_route=\/wp\/v2\/posts\/11856","targetHints":{"allow":["GET"]}}],"collection":[{"href":"https:\/\/archive.sana.sy\/tr\/index.php?rest_route=\/wp\/v2\/posts"}],"about":[{"href":"https:\/\/archive.sana.sy\/tr\/index.php?rest_route=\/wp\/v2\/types\/post"}],"author":[{"embeddable":true,"href":"https:\/\/archive.sana.sy\/tr\/index.php?rest_route=\/wp\/v2\/users\/1"}],"replies":[{"embeddable":true,"href":"https:\/\/archive.sana.sy\/tr\/index.php?rest_route=%2Fwp%2Fv2%2Fcomments&post=11856"}],"version-history":[{"count":0,"href":"https:\/\/archive.sana.sy\/tr\/index.php?rest_route=\/wp\/v2\/posts\/11856\/revisions"}],"wp:featuredmedia":[{"embeddable":true,"href":"https:\/\/archive.sana.sy\/tr\/index.php?rest_route=\/wp\/v2\/media\/11857"}],"wp:attachment":[{"href":"https:\/\/archive.sana.sy\/tr\/index.php?rest_route=%2Fwp%2Fv2%2Fmedia&parent=11856"}],"wp:term":[{"taxonomy":"category","embeddable":true,"href":"https:\/\/archive.sana.sy\/tr\/index.php?rest_route=%2Fwp%2Fv2%2Fcategories&post=11856"},{"taxonomy":"post_tag","embeddable":true,"href":"https:\/\/archive.sana.sy\/tr\/index.php?rest_route=%2Fwp%2Fv2%2Ftags&post=11856"}],"curies":[{"name":"wp","href":"https:\/\/api.w.org\/{rel}","templated":true}]}}