{"id":11859,"date":"2014-09-30T18:38:10","date_gmt":"2014-09-30T15:38:10","guid":{"rendered":"http:\/\/www.sana.sy\/tr\/?p=11859"},"modified":"2014-10-01T13:20:53","modified_gmt":"2014-10-01T10:20:53","slug":"ceblide-500-sahit-ailesi-onurlandirildi","status":"publish","type":"post","link":"https:\/\/archive.sana.sy\/tr\/?p=11859","title":{"rendered":"Ceble\u2019de 500 \u015eahit Ailesi Onurland\u0131r\u0131ld\u0131"},"content":{"rendered":"<p>LAZK\u0130YE \u2013 Sosyalist Arap Baas Partisi, Lazkiye\u2019ye ba\u011fl\u0131 Ceble Kentinde 500 \u015fehit ailesini Sahil Tekstil Kamu \u015eirketinde onurland\u0131rd\u0131.<\/p>\n<p>Baas Partisi Ulusal Komite Ba\u015fkan\u0131 Hilal el Hilal, Suriye\u2019nin ter\u00f6re kar\u015f\u0131 sava\u015f\u0131 kazanaca\u011f\u0131n\u0131, medeni ve tarihsel mevkisine geri d\u00f6nece\u011fini kaydetti.<\/p>\n<p>Suriye halk\u0131n\u0131n daha fazla \u015fehit vermeye haz\u0131r oldu\u011funu, \u015fehitlerimizin b\u00fct\u00fcn ac\u0131lara ra\u011fmen herkesin onuru ve iftihar\u0131 oldu\u011funu s\u00f6yleyen Hilal, zaferin \u00e7ok yak\u0131n oldu\u011fu d\u00fc\u015f\u00fcncesini dile getirdi.<\/p>\n<p>Hilal, vatan\u0131n bekas\u0131, egemenli\u011fi ve istikrar\u0131 u\u011fruna yavrular\u0131n\u0131 takdim eden Suriye kad\u0131nlar\u0131n\u0131n \u00f6zverilerine dikkat \u00e7ekti.<\/p>\n","protected":false},"excerpt":{"rendered":"<p>LAZK\u0130YE \u2013 Sosyalist Arap Baas Partisi, Lazkiye\u2019ye ba\u011fl\u0131 Ceble Kentinde 500 \u015fehit ailesini Sahil Tekstil Kamu \u015eirketinde onurland\u0131rd\u0131. Baas Partisi Ulusal Komite Ba\u015fkan\u0131 Hilal el Hilal, Suriye\u2019nin ter\u00f6re kar\u015f\u0131 sava\u015f\u0131 kazanaca\u011f\u0131n\u0131, medeni ve tarihsel mevkisine geri d\u00f6nece\u011fini kaydetti. Suriye halk\u0131n\u0131n daha fazla \u015fehit vermeye haz\u0131r oldu\u011funu, \u015fehitlerimizin b\u00fct\u00fcn ac\u0131lara ra\u011fmen herkesin onuru ve iftihar\u0131 oldu\u011funu &hellip;<\/p>\n","protected":false},"author":1,"featured_media":11876,"comment_status":"closed","ping_status":"closed","sticky":false,"template":"","format":"standard","meta":{"footnotes":""},"categories":[479,525,478],"tags":[2945,2947,2946],"class_list":["post-11859","post","type-post","status-publish","format-standard","has-post-thumbnail","","category-haberler-yerel","category-toplum","category-yerel","tag-ceblede","tag-odullendirildi","tag-sehit-aileleri"],"_links":{"self":[{"href":"https:\/\/archive.sana.sy\/tr\/index.php?rest_route=\/wp\/v2\/posts\/11859","targetHints":{"allow":["GET"]}}],"collection":[{"href":"https:\/\/archive.sana.sy\/tr\/index.php?rest_route=\/wp\/v2\/posts"}],"about":[{"href":"https:\/\/archive.sana.sy\/tr\/index.php?rest_route=\/wp\/v2\/types\/post"}],"author":[{"embeddable":true,"href":"https:\/\/archive.sana.sy\/tr\/index.php?rest_route=\/wp\/v2\/users\/1"}],"replies":[{"embeddable":true,"href":"https:\/\/archive.sana.sy\/tr\/index.php?rest_route=%2Fwp%2Fv2%2Fcomments&post=11859"}],"version-history":[{"count":0,"href":"https:\/\/archive.sana.sy\/tr\/index.php?rest_route=\/wp\/v2\/posts\/11859\/revisions"}],"wp:featuredmedia":[{"embeddable":true,"href":"https:\/\/archive.sana.sy\/tr\/index.php?rest_route=\/wp\/v2\/media\/11876"}],"wp:attachment":[{"href":"https:\/\/archive.sana.sy\/tr\/index.php?rest_route=%2Fwp%2Fv2%2Fmedia&parent=11859"}],"wp:term":[{"taxonomy":"category","embeddable":true,"href":"https:\/\/archive.sana.sy\/tr\/index.php?rest_route=%2Fwp%2Fv2%2Fcategories&post=11859"},{"taxonomy":"post_tag","embeddable":true,"href":"https:\/\/archive.sana.sy\/tr\/index.php?rest_route=%2Fwp%2Fv2%2Ftags&post=11859"}],"curies":[{"name":"wp","href":"https:\/\/api.w.org\/{rel}","templated":true}]}}