{"id":11865,"date":"2014-09-30T19:05:45","date_gmt":"2014-09-30T16:05:45","guid":{"rendered":"http:\/\/www.sana.sy\/tr\/?p=11865"},"modified":"2014-09-30T19:05:45","modified_gmt":"2014-09-30T16:05:45","slug":"samda-havan-mermileri-iki-vatandasi-sehit-etti","status":"publish","type":"post","link":"https:\/\/archive.sana.sy\/tr\/?p=11865","title":{"rendered":"\u015eam\u2019da Havan Mermileri \u0130ki Vatanda\u015f\u0131 \u015eehit Etti"},"content":{"rendered":"<p>\u015eAM \u2013 Ter\u00f6rist \u00e7etelerin \u015eam Duvela Semtine d\u00fczenledi\u011fi havan mermisi sald\u0131r\u0131s\u0131 sonucunda iki vatanda\u015f \u015fehit, sekiz vatanda\u015f yaral\u0131 d\u00fc\u015ft\u00fc.<\/p>\n<p>\u0130l Emniyet M\u00fcd\u00fcrl\u00fc\u011f\u00fcnde bir kaynak, semtte el H\u00fcda Camisi yak\u0131n\u0131na d\u00fc\u015fen bir havan mermisinin iki vatanda\u015f\u0131n \u015fehit olmas\u0131na, sekiz vatanda\u015f\u0131n yaralanmas\u0131na ve yak\u0131n esnaf d\u00fckkanlar\u0131nda maddi hasarlara yol a\u00e7t\u0131\u011f\u0131n\u0131 a\u00e7\u0131klad\u0131.<\/p>\n","protected":false},"excerpt":{"rendered":"<p>\u015eAM \u2013 Ter\u00f6rist \u00e7etelerin \u015eam Duvela Semtine d\u00fczenledi\u011fi havan mermisi sald\u0131r\u0131s\u0131 sonucunda iki vatanda\u015f \u015fehit, sekiz vatanda\u015f yaral\u0131 d\u00fc\u015ft\u00fc. \u0130l Emniyet M\u00fcd\u00fcrl\u00fc\u011f\u00fcnde bir kaynak, semtte el H\u00fcda Camisi yak\u0131n\u0131na d\u00fc\u015fen bir havan mermisinin iki vatanda\u015f\u0131n \u015fehit olmas\u0131na, sekiz vatanda\u015f\u0131n yaralanmas\u0131na ve yak\u0131n esnaf d\u00fckkanlar\u0131nda maddi hasarlara yol a\u00e7t\u0131\u011f\u0131n\u0131 a\u00e7\u0131klad\u0131.<\/p>\n","protected":false},"author":1,"featured_media":11866,"comment_status":"closed","ping_status":"closed","sticky":false,"template":"","format":"standard","meta":{"footnotes":""},"categories":[479,575,478],"tags":[2903],"class_list":["post-11865","post","type-post","status-publish","format-standard","has-post-thumbnail","","category-haberler-yerel","category-olaylar-ve-gercekler","category-yerel","tag-samda-havan-mermileri-iki-vatandasi-sehit-etti"],"_links":{"self":[{"href":"https:\/\/archive.sana.sy\/tr\/index.php?rest_route=\/wp\/v2\/posts\/11865","targetHints":{"allow":["GET"]}}],"collection":[{"href":"https:\/\/archive.sana.sy\/tr\/index.php?rest_route=\/wp\/v2\/posts"}],"about":[{"href":"https:\/\/archive.sana.sy\/tr\/index.php?rest_route=\/wp\/v2\/types\/post"}],"author":[{"embeddable":true,"href":"https:\/\/archive.sana.sy\/tr\/index.php?rest_route=\/wp\/v2\/users\/1"}],"replies":[{"embeddable":true,"href":"https:\/\/archive.sana.sy\/tr\/index.php?rest_route=%2Fwp%2Fv2%2Fcomments&post=11865"}],"version-history":[{"count":0,"href":"https:\/\/archive.sana.sy\/tr\/index.php?rest_route=\/wp\/v2\/posts\/11865\/revisions"}],"wp:featuredmedia":[{"embeddable":true,"href":"https:\/\/archive.sana.sy\/tr\/index.php?rest_route=\/wp\/v2\/media\/11866"}],"wp:attachment":[{"href":"https:\/\/archive.sana.sy\/tr\/index.php?rest_route=%2Fwp%2Fv2%2Fmedia&parent=11865"}],"wp:term":[{"taxonomy":"category","embeddable":true,"href":"https:\/\/archive.sana.sy\/tr\/index.php?rest_route=%2Fwp%2Fv2%2Fcategories&post=11865"},{"taxonomy":"post_tag","embeddable":true,"href":"https:\/\/archive.sana.sy\/tr\/index.php?rest_route=%2Fwp%2Fv2%2Ftags&post=11865"}],"curies":[{"name":"wp","href":"https:\/\/api.w.org\/{rel}","templated":true}]}}