{"id":11869,"date":"2014-09-30T19:32:17","date_gmt":"2014-09-30T16:32:17","guid":{"rendered":"http:\/\/www.sana.sy\/tr\/?p=11869"},"modified":"2014-09-30T19:32:17","modified_gmt":"2014-09-30T16:32:17","slug":"askeri-kaynak-ordu-birliklerimizin-hama-kirsalinda-morek-buvayda-kefrzeta-lahaya-zekat-masasina-orta-kastal-ve-guney-kastal-beldelerinde-terorist-elebaslarinin-yuvalarina-duzenledigi-operasyonl","status":"publish","type":"post","link":"https:\/\/archive.sana.sy\/tr\/?p=11869","title":{"rendered":"Askeri kaynak, ordu birliklerimizin Hama k\u0131rsal\u0131nda Morek, Buvayda, Kefrzeta, Lahaya, Zekat, Masasina, Orta Kastal ve G\u00fcney Kastal beldelerinde ter\u00f6rist eleba\u015flar\u0131n\u0131n yuvalar\u0131na d\u00fczenledi\u011fi operasyonlarda \u00e7ok say\u0131da ter\u00f6risti \u00f6l\u00fc ve yaral\u0131 d\u00fc\u015f\u00fcr\u00fcp ara\u00e7lar\u0131n\u0131 imha etti\u011fini belirtti."},"content":{"rendered":"<p>Askeri kaynak, ordu birliklerimizin Hama k\u0131rsal\u0131nda Morek, Buvayda, Kefrzeta, Lahaya, Zekat, Masasina, Orta Kastal ve G\u00fcney Kastal beldelerinde ter\u00f6rist eleba\u015flar\u0131n\u0131n yuvalar\u0131na d\u00fczenledi\u011fi operasyonlarda \u00e7ok say\u0131da ter\u00f6risti \u00f6l\u00fc ve yaral\u0131 d\u00fc\u015f\u00fcr\u00fcp ara\u00e7lar\u0131n\u0131 imha etti\u011fini belirtti.<\/p>\n","protected":false},"excerpt":{"rendered":"<p>Askeri kaynak, ordu birliklerimizin Hama k\u0131rsal\u0131nda Morek, Buvayda, Kefrzeta, Lahaya, Zekat, Masasina, Orta Kastal ve G\u00fcney Kastal beldelerinde ter\u00f6rist eleba\u015flar\u0131n\u0131n yuvalar\u0131na d\u00fczenledi\u011fi operasyonlarda \u00e7ok say\u0131da ter\u00f6risti \u00f6l\u00fc ve yaral\u0131 d\u00fc\u015f\u00fcr\u00fcp ara\u00e7lar\u0131n\u0131 imha etti\u011fini belirtti.<\/p>\n","protected":false},"author":1,"featured_media":0,"comment_status":"closed","ping_status":"closed","sticky":false,"template":"","format":"standard","meta":{"footnotes":""},"categories":[1],"tags":[1031,2905,2906,2907,2909,2904,2910,2908],"class_list":["post-11869","post","type-post","status-publish","format-standard","","category-news-not-sorted","tag-askeri-kaynak","tag-buvayda","tag-kefrzeta","tag-lahaya","tag-masasina","tag-ordu-birliklerimizin-hama-kirsalinda-morek","tag-orta-kastal-ve-guney-kastal-beldelerinde-terorist-elebaslarinin-yuvalarina-duzenledigi-operasyonlarda-cok-sayida-teroristi-olu-ve-yarali-dusurup-araclarini-imha-ettigini-belirtti","tag-zekat"],"_links":{"self":[{"href":"https:\/\/archive.sana.sy\/tr\/index.php?rest_route=\/wp\/v2\/posts\/11869","targetHints":{"allow":["GET"]}}],"collection":[{"href":"https:\/\/archive.sana.sy\/tr\/index.php?rest_route=\/wp\/v2\/posts"}],"about":[{"href":"https:\/\/archive.sana.sy\/tr\/index.php?rest_route=\/wp\/v2\/types\/post"}],"author":[{"embeddable":true,"href":"https:\/\/archive.sana.sy\/tr\/index.php?rest_route=\/wp\/v2\/users\/1"}],"replies":[{"embeddable":true,"href":"https:\/\/archive.sana.sy\/tr\/index.php?rest_route=%2Fwp%2Fv2%2Fcomments&post=11869"}],"version-history":[{"count":0,"href":"https:\/\/archive.sana.sy\/tr\/index.php?rest_route=\/wp\/v2\/posts\/11869\/revisions"}],"wp:attachment":[{"href":"https:\/\/archive.sana.sy\/tr\/index.php?rest_route=%2Fwp%2Fv2%2Fmedia&parent=11869"}],"wp:term":[{"taxonomy":"category","embeddable":true,"href":"https:\/\/archive.sana.sy\/tr\/index.php?rest_route=%2Fwp%2Fv2%2Fcategories&post=11869"},{"taxonomy":"post_tag","embeddable":true,"href":"https:\/\/archive.sana.sy\/tr\/index.php?rest_route=%2Fwp%2Fv2%2Ftags&post=11869"}],"curies":[{"name":"wp","href":"https:\/\/api.w.org\/{rel}","templated":true}]}}