{"id":11872,"date":"2014-09-30T19:36:39","date_gmt":"2014-09-30T16:36:39","guid":{"rendered":"http:\/\/www.sana.sy\/tr\/?p=11872"},"modified":"2014-09-30T19:36:39","modified_gmt":"2014-09-30T16:36:39","slug":"kunaytra-kirsalinda-ordu-birliklerimizin-kom-hacar-meshara-ve-nib-el-sahr-bolgelerinde-operasyon-duzenleyip-cok-sayida-teroristi-olu-ve-yarali-dusurdugu-bildirildi","status":"publish","type":"post","link":"https:\/\/archive.sana.sy\/tr\/?p=11872","title":{"rendered":"Kunaytra k\u0131rsal\u0131nda ordu birliklerimizin Kom Hacar, Meshara ve N\u0131b el Sahr b\u00f6lgelerinde operasyon d\u00fczenleyip \u00e7ok say\u0131da ter\u00f6risti \u00f6l\u00fc ve yaral\u0131 d\u00fc\u015f\u00fcrd\u00fc\u011f\u00fc bildirildi."},"content":{"rendered":"<p>Kunaytra k\u0131rsal\u0131nda ordu birliklerimizin Kom Hacar, Meshara ve N\u0131b el Sahr b\u00f6lgelerinde operasyon d\u00fczenleyip \u00e7ok say\u0131da ter\u00f6risti \u00f6l\u00fc ve yaral\u0131 d\u00fc\u015f\u00fcrd\u00fc\u011f\u00fc bildirildi.<\/p>\n","protected":false},"excerpt":{"rendered":"<p>Kunaytra k\u0131rsal\u0131nda ordu birliklerimizin Kom Hacar, Meshara ve N\u0131b el Sahr b\u00f6lgelerinde operasyon d\u00fczenleyip \u00e7ok say\u0131da ter\u00f6risti \u00f6l\u00fc ve yaral\u0131 d\u00fc\u015f\u00fcrd\u00fc\u011f\u00fc bildirildi.<\/p>\n","protected":false},"author":1,"featured_media":0,"comment_status":"closed","ping_status":"closed","sticky":false,"template":"","format":"standard","meta":{"footnotes":""},"categories":[1],"tags":[2911,2912],"class_list":["post-11872","post","type-post","status-publish","format-standard","","category-news-not-sorted","tag-kunaytra-kirsalinda-ordu-birliklerimizin-kom-hacar","tag-meshara-ve-nib-el-sahr-bolgelerinde-operasyon-duzenleyip-cok-sayida-teroristi-olu-ve-yarali-dusurdugu-bildirildi"],"_links":{"self":[{"href":"https:\/\/archive.sana.sy\/tr\/index.php?rest_route=\/wp\/v2\/posts\/11872","targetHints":{"allow":["GET"]}}],"collection":[{"href":"https:\/\/archive.sana.sy\/tr\/index.php?rest_route=\/wp\/v2\/posts"}],"about":[{"href":"https:\/\/archive.sana.sy\/tr\/index.php?rest_route=\/wp\/v2\/types\/post"}],"author":[{"embeddable":true,"href":"https:\/\/archive.sana.sy\/tr\/index.php?rest_route=\/wp\/v2\/users\/1"}],"replies":[{"embeddable":true,"href":"https:\/\/archive.sana.sy\/tr\/index.php?rest_route=%2Fwp%2Fv2%2Fcomments&post=11872"}],"version-history":[{"count":0,"href":"https:\/\/archive.sana.sy\/tr\/index.php?rest_route=\/wp\/v2\/posts\/11872\/revisions"}],"wp:attachment":[{"href":"https:\/\/archive.sana.sy\/tr\/index.php?rest_route=%2Fwp%2Fv2%2Fmedia&parent=11872"}],"wp:term":[{"taxonomy":"category","embeddable":true,"href":"https:\/\/archive.sana.sy\/tr\/index.php?rest_route=%2Fwp%2Fv2%2Fcategories&post=11872"},{"taxonomy":"post_tag","embeddable":true,"href":"https:\/\/archive.sana.sy\/tr\/index.php?rest_route=%2Fwp%2Fv2%2Ftags&post=11872"}],"curies":[{"name":"wp","href":"https:\/\/api.w.org\/{rel}","templated":true}]}}