{"id":11886,"date":"2014-09-30T20:28:31","date_gmt":"2014-09-30T17:28:31","guid":{"rendered":"http:\/\/www.sana.sy\/tr\/?p=11886"},"modified":"2014-09-30T20:28:31","modified_gmt":"2014-09-30T17:28:31","slug":"adrada-bir-elektrik-iscisi-sehit-oldu","status":"publish","type":"post","link":"https:\/\/archive.sana.sy\/tr\/?p=11886","title":{"rendered":"Adra\u2019da Bir Elektrik \u0130\u015f\u00e7isi \u015eehit Oldu"},"content":{"rendered":"<p>\u015eAM \u2013 \u015eam K\u0131rsal\u0131na ba\u011fl\u0131 Adra Kentinde y\u00fcksek gerilim hatlar\u0131n\u0131 tamir eden elektrik ekibi, kentten \u00e7ekilmek zorunda kalan ter\u00f6ristlerin \u00e7\u0131kmadan \u00f6nce d\u00f6\u015fedikleri bir bomban\u0131n patlamas\u0131 sonucunda bir i\u015f\u00e7i \u015fehit, biri a\u011f\u0131r bir ka\u00e7 i\u015f\u00e7i yaral\u0131 d\u00fc\u015ft\u00fc.<\/p>\n<p>Elektrik bakanl\u0131\u011f\u0131nda bir kaynak SANA\u2019ya yapt\u0131\u011f\u0131 a\u00e7\u0131klamada Homs m\u00fcd\u00fcrl\u00fc\u011f\u00fcne ba\u011fl\u0131 Halit el Ali adl\u0131 i\u015f\u00e7inin g\u00f6revi s\u0131ras\u0131nda \u015fehit d\u00fc\u015ft\u00fc\u011f\u00fcn\u00fc, arkada\u015f\u0131 i\u015f\u00e7i Saer el Sabba\u011f a\u011f\u0131r yaral\u0131 oldu\u011funu ve bir ka\u00e7 i\u015f\u00e7inin daha hafif yaral\u0131 d\u00fc\u015ft\u00fc\u011f\u00fcn\u00fc belirtti.<\/p>\n<p>Kaynak, ekibin Homs\u2019tan halk\u0131n Adra Kentine geri d\u00f6nmesini sa\u011flamak i\u00e7in altyap\u0131 onarma \u00e7al\u0131\u015fmalar\u0131 \u00e7er\u00e7evesinde getirildiklerini ifade etti.<\/p>\n","protected":false},"excerpt":{"rendered":"<p>\u015eAM \u2013 \u015eam K\u0131rsal\u0131na ba\u011fl\u0131 Adra Kentinde y\u00fcksek gerilim hatlar\u0131n\u0131 tamir eden elektrik ekibi, kentten \u00e7ekilmek zorunda kalan ter\u00f6ristlerin \u00e7\u0131kmadan \u00f6nce d\u00f6\u015fedikleri bir bomban\u0131n patlamas\u0131 sonucunda bir i\u015f\u00e7i \u015fehit, biri a\u011f\u0131r bir ka\u00e7 i\u015f\u00e7i yaral\u0131 d\u00fc\u015ft\u00fc. Elektrik bakanl\u0131\u011f\u0131nda bir kaynak SANA\u2019ya yapt\u0131\u011f\u0131 a\u00e7\u0131klamada Homs m\u00fcd\u00fcrl\u00fc\u011f\u00fcne ba\u011fl\u0131 Halit el Ali adl\u0131 i\u015f\u00e7inin g\u00f6revi s\u0131ras\u0131nda \u015fehit d\u00fc\u015ft\u00fc\u011f\u00fcn\u00fc, &hellip;<\/p>\n","protected":false},"author":1,"featured_media":11887,"comment_status":"closed","ping_status":"closed","sticky":false,"template":"","format":"standard","meta":{"footnotes":""},"categories":[479,575,478],"tags":[2914],"class_list":["post-11886","post","type-post","status-publish","format-standard","has-post-thumbnail","","category-haberler-yerel","category-olaylar-ve-gercekler","category-yerel","tag-adrada-bir-elektrik-iscisi-sehit-oldu"],"_links":{"self":[{"href":"https:\/\/archive.sana.sy\/tr\/index.php?rest_route=\/wp\/v2\/posts\/11886","targetHints":{"allow":["GET"]}}],"collection":[{"href":"https:\/\/archive.sana.sy\/tr\/index.php?rest_route=\/wp\/v2\/posts"}],"about":[{"href":"https:\/\/archive.sana.sy\/tr\/index.php?rest_route=\/wp\/v2\/types\/post"}],"author":[{"embeddable":true,"href":"https:\/\/archive.sana.sy\/tr\/index.php?rest_route=\/wp\/v2\/users\/1"}],"replies":[{"embeddable":true,"href":"https:\/\/archive.sana.sy\/tr\/index.php?rest_route=%2Fwp%2Fv2%2Fcomments&post=11886"}],"version-history":[{"count":0,"href":"https:\/\/archive.sana.sy\/tr\/index.php?rest_route=\/wp\/v2\/posts\/11886\/revisions"}],"wp:featuredmedia":[{"embeddable":true,"href":"https:\/\/archive.sana.sy\/tr\/index.php?rest_route=\/wp\/v2\/media\/11887"}],"wp:attachment":[{"href":"https:\/\/archive.sana.sy\/tr\/index.php?rest_route=%2Fwp%2Fv2%2Fmedia&parent=11886"}],"wp:term":[{"taxonomy":"category","embeddable":true,"href":"https:\/\/archive.sana.sy\/tr\/index.php?rest_route=%2Fwp%2Fv2%2Fcategories&post=11886"},{"taxonomy":"post_tag","embeddable":true,"href":"https:\/\/archive.sana.sy\/tr\/index.php?rest_route=%2Fwp%2Fv2%2Ftags&post=11886"}],"curies":[{"name":"wp","href":"https:\/\/api.w.org\/{rel}","templated":true}]}}