{"id":119060,"date":"2017-07-12T13:27:39","date_gmt":"2017-07-12T10:27:39","guid":{"rendered":"http:\/\/www.sana.sy\/tr\/?p=119060"},"modified":"2017-07-13T13:43:05","modified_gmt":"2017-07-13T10:43:05","slug":"teroristlerin-sivillere-gaddar-saldirilari-devam-ediyor-2","status":"publish","type":"post","link":"https:\/\/archive.sana.sy\/tr\/?p=119060","title":{"rendered":"Ter\u00f6ristlerin Sivillere Gaddar Sald\u0131r\u0131lar\u0131 Devam Ediyor"},"content":{"rendered":"<p>DEYREZZOR \u2013 Eli kanl\u0131 ter\u00f6ristlerin masum sivil vatanda\u015flara f\u00fcze ve roket sald\u0131r\u0131lar\u0131 bug\u00fcn de devam ederken, bu sald\u0131r\u0131larda yine bir\u00e7ok masum sivil vatanda\u015f \u015fehit ve yaral\u0131 d\u00fc\u015ft\u00fc.<\/p>\n<p>Deyrezzor Valili\u011finde bir yetkili, radikal ter\u00f6r \u00f6rg\u00fct\u00fc I\u015e\u0130D \u00e7etelerinin bug\u00fcn, y\u0131llard\u0131r ku\u015fatma alt\u0131nda tuttuklar\u0131 Deyrezzor Kentinde sivil yerle\u015fim alanlar\u0131ndan Harabi\u015f ve Kusur semtlerine f\u00fcze ve havan roketleri sald\u0131r\u0131lar\u0131n\u0131 s\u00fcrd\u00fcrd\u00fcklerini aktard\u0131.<\/p>\n<p>Radikal \u00e7etelerin gaddar sald\u0131r\u0131lar\u0131nda 5 vatanda\u015f\u0131n \u015fehit, 6 vatanda\u015f\u0131n da yaral\u0131 d\u00fc\u015ft\u00fcklerini belirten yetkili, bu sald\u0131r\u0131lar\u0131n Deyrezzor Kentinde insani durumlar\u0131 ciddi derecede olumsuz etkiledi\u011fine dikkat \u00e7ekti.<\/p>\n","protected":false},"excerpt":{"rendered":"<p>DEYREZZOR \u2013 Eli kanl\u0131 ter\u00f6ristlerin masum sivil vatanda\u015flara f\u00fcze ve roket sald\u0131r\u0131lar\u0131 bug\u00fcn de devam ederken, bu sald\u0131r\u0131larda yine bir\u00e7ok masum sivil vatanda\u015f \u015fehit ve yaral\u0131 d\u00fc\u015ft\u00fc. Deyrezzor Valili\u011finde bir yetkili, radikal ter\u00f6r \u00f6rg\u00fct\u00fc I\u015e\u0130D \u00e7etelerinin bug\u00fcn, y\u0131llard\u0131r ku\u015fatma alt\u0131nda tuttuklar\u0131 Deyrezzor Kentinde sivil yerle\u015fim alanlar\u0131ndan Harabi\u015f ve Kusur semtlerine f\u00fcze ve havan roketleri sald\u0131r\u0131lar\u0131n\u0131 &hellip;<\/p>\n","protected":false},"author":1,"featured_media":119099,"comment_status":"closed","ping_status":"closed","sticky":false,"template":"","format":"standard","meta":{"footnotes":""},"categories":[479,575,17988,478],"tags":[18237,26789,2494,17274,17273,2318,18174,16591,19034,22181],"class_list":["post-119060","post","type-post","status-publish","format-standard","has-post-thumbnail","","category-haberler-yerel","category-olaylar-ve-gercekler","category-son-haberler","category-yerel","tag-cihatcilar","tag-deyr-el-zor","tag-deyrezzor","tag-fuze-saldirisi","tag-havan-saldirisi","tag-isid","tag-sivillere-saldiri","tag-suriye","tag-suriyeli-muhalifler","tag-suriyeliler"],"_links":{"self":[{"href":"https:\/\/archive.sana.sy\/tr\/index.php?rest_route=\/wp\/v2\/posts\/119060","targetHints":{"allow":["GET"]}}],"collection":[{"href":"https:\/\/archive.sana.sy\/tr\/index.php?rest_route=\/wp\/v2\/posts"}],"about":[{"href":"https:\/\/archive.sana.sy\/tr\/index.php?rest_route=\/wp\/v2\/types\/post"}],"author":[{"embeddable":true,"href":"https:\/\/archive.sana.sy\/tr\/index.php?rest_route=\/wp\/v2\/users\/1"}],"replies":[{"embeddable":true,"href":"https:\/\/archive.sana.sy\/tr\/index.php?rest_route=%2Fwp%2Fv2%2Fcomments&post=119060"}],"version-history":[{"count":0,"href":"https:\/\/archive.sana.sy\/tr\/index.php?rest_route=\/wp\/v2\/posts\/119060\/revisions"}],"wp:featuredmedia":[{"embeddable":true,"href":"https:\/\/archive.sana.sy\/tr\/index.php?rest_route=\/wp\/v2\/media\/119099"}],"wp:attachment":[{"href":"https:\/\/archive.sana.sy\/tr\/index.php?rest_route=%2Fwp%2Fv2%2Fmedia&parent=119060"}],"wp:term":[{"taxonomy":"category","embeddable":true,"href":"https:\/\/archive.sana.sy\/tr\/index.php?rest_route=%2Fwp%2Fv2%2Fcategories&post=119060"},{"taxonomy":"post_tag","embeddable":true,"href":"https:\/\/archive.sana.sy\/tr\/index.php?rest_route=%2Fwp%2Fv2%2Ftags&post=119060"}],"curies":[{"name":"wp","href":"https:\/\/api.w.org\/{rel}","templated":true}]}}