{"id":119098,"date":"2017-07-12T13:30:25","date_gmt":"2017-07-12T10:30:25","guid":{"rendered":"http:\/\/www.sana.sy\/tr\/?p=119098"},"modified":"2017-07-13T13:43:09","modified_gmt":"2017-07-13T10:43:09","slug":"kent-ahalisi-isid-elebasini-oldurdu","status":"publish","type":"post","link":"https:\/\/archive.sana.sy\/tr\/?p=119098","title":{"rendered":"Kent Ahalisi I\u015e\u0130D Eleba\u015f\u0131n\u0131 \u00d6ld\u00fcrd\u00fc"},"content":{"rendered":"<p>DEYREZZOR \u2013 Deyrezzor \u0130line tabi Albukemal Kentinde yerel kaynaklar; kent ahalisinden bir grubun radikal ter\u00f6r \u00f6rg\u00fct\u00fc I\u015e\u0130D\u2019in Meyadin B\u00f6lgesinde \u2018zekat emiri\u2019 olarak bilinen Suudi Arabistanl\u0131 \u2018Ebu Meryem\u2019 lakapl\u0131 az\u0131l\u0131 ter\u00f6r eleba\u015f\u0131n\u0131 \u00f6ld\u00fcrd\u00fcklerini aktard\u0131.<\/p>\n<p>Kaynaklar ahalinin Suudili ter\u00f6r eleba\u015f\u0131yla birlikte Fasl\u0131 \u2018Ebu Fatima\u2019 lakapl\u0131 ter\u00f6r eleba\u015f\u0131n\u0131n yan\u0131 s\u0131ra daha ba\u015fka bir ter\u00f6risti daha \u00f6ld\u00fcrd\u00fcklerini kaydetti.<\/p>\n<p>Bu arada yerel kaynaklar ordu birliklerimizin Badiye B\u00f6lgesinde I\u015e\u0130D\u2019i a\u011f\u0131r kay\u0131plara u\u011fratmalar\u0131 ve geni\u015f b\u00f6lgeleri ter\u00f6rden kurtarmalar\u0131 ard\u0131ndan I\u015e\u0130D saflar\u0131nda ya\u015fanan panik ve korkunun t\u0131rmand\u0131\u011f\u0131na dikkat \u00e7ekerlerken, ter\u00f6r gruplar\u0131 aras\u0131ndaki \u00e7at\u0131\u015fmalar ve \u00f6rg\u00fct saflar\u0131ndan ka\u00e7an ter\u00f6ristlere i\u015faret ettiler.<\/p>\n","protected":false},"excerpt":{"rendered":"<p>DEYREZZOR \u2013 Deyrezzor \u0130line tabi Albukemal Kentinde yerel kaynaklar; kent ahalisinden bir grubun radikal ter\u00f6r \u00f6rg\u00fct\u00fc I\u015e\u0130D\u2019in Meyadin B\u00f6lgesinde \u2018zekat emiri\u2019 olarak bilinen Suudi Arabistanl\u0131 \u2018Ebu Meryem\u2019 lakapl\u0131 az\u0131l\u0131 ter\u00f6r eleba\u015f\u0131n\u0131 \u00f6ld\u00fcrd\u00fcklerini aktard\u0131. Kaynaklar ahalinin Suudili ter\u00f6r eleba\u015f\u0131yla birlikte Fasl\u0131 \u2018Ebu Fatima\u2019 lakapl\u0131 ter\u00f6r eleba\u015f\u0131n\u0131n yan\u0131 s\u0131ra daha ba\u015fka bir ter\u00f6risti daha \u00f6ld\u00fcrd\u00fcklerini kaydetti. Bu &hellip;<\/p>\n","protected":false},"author":1,"featured_media":119105,"comment_status":"closed","ping_status":"closed","sticky":false,"template":"","format":"standard","meta":{"footnotes":""},"categories":[479,575,17988,478,1],"tags":[18237,18576,18577,30958,2494,2318,30959,30004,19034],"class_list":["post-119098","post","type-post","status-publish","format-standard","has-post-thumbnail","","category-haberler-yerel","category-olaylar-ve-gercekler","category-son-haberler","category-yerel","category-news-not-sorted","tag-cihatcilar","tag-daes","tag-deas","tag-deyr-el-zoor","tag-deyrezzor","tag-isid","tag-isid-saflarinda","tag-suriye-suriyeliler","tag-suriyeli-muhalifler"],"_links":{"self":[{"href":"https:\/\/archive.sana.sy\/tr\/index.php?rest_route=\/wp\/v2\/posts\/119098","targetHints":{"allow":["GET"]}}],"collection":[{"href":"https:\/\/archive.sana.sy\/tr\/index.php?rest_route=\/wp\/v2\/posts"}],"about":[{"href":"https:\/\/archive.sana.sy\/tr\/index.php?rest_route=\/wp\/v2\/types\/post"}],"author":[{"embeddable":true,"href":"https:\/\/archive.sana.sy\/tr\/index.php?rest_route=\/wp\/v2\/users\/1"}],"replies":[{"embeddable":true,"href":"https:\/\/archive.sana.sy\/tr\/index.php?rest_route=%2Fwp%2Fv2%2Fcomments&post=119098"}],"version-history":[{"count":0,"href":"https:\/\/archive.sana.sy\/tr\/index.php?rest_route=\/wp\/v2\/posts\/119098\/revisions"}],"wp:featuredmedia":[{"embeddable":true,"href":"https:\/\/archive.sana.sy\/tr\/index.php?rest_route=\/wp\/v2\/media\/119105"}],"wp:attachment":[{"href":"https:\/\/archive.sana.sy\/tr\/index.php?rest_route=%2Fwp%2Fv2%2Fmedia&parent=119098"}],"wp:term":[{"taxonomy":"category","embeddable":true,"href":"https:\/\/archive.sana.sy\/tr\/index.php?rest_route=%2Fwp%2Fv2%2Fcategories&post=119098"},{"taxonomy":"post_tag","embeddable":true,"href":"https:\/\/archive.sana.sy\/tr\/index.php?rest_route=%2Fwp%2Fv2%2Ftags&post=119098"}],"curies":[{"name":"wp","href":"https:\/\/api.w.org\/{rel}","templated":true}]}}