{"id":119107,"date":"2017-07-12T14:41:55","date_gmt":"2017-07-12T11:41:55","guid":{"rendered":"http:\/\/www.sana.sy\/tr\/?p=119107"},"modified":"2017-07-13T13:43:20","modified_gmt":"2017-07-13T10:43:20","slug":"yatirim-projeleri-yurtici-ve-yurtdisinda-tanitilacak","status":"publish","type":"post","link":"https:\/\/archive.sana.sy\/tr\/?p=119107","title":{"rendered":"Yat\u0131r\u0131m Projeleri Yurti\u00e7i ve Yurtd\u0131\u015f\u0131nda Tan\u0131t\u0131lacak"},"content":{"rendered":"<p>\u015eAM \u2013 Bu ay\u0131n ba\u015flar\u0131nda \u2018Suriye Gelece\u011fe Do\u011fru\u2019 slogan\u0131 alt\u0131nda d\u00fczenlenen 1. Yat\u0131r\u0131m Formu \u00e7al\u0131\u015fmalar\u0131n\u0131n sonu\u00e7lar\u0131 kapsam\u0131nda Turizm Bakan\u0131 Bu\u015fr el Yaz\u0131c\u0131, Ekonomi ve D\u0131\u015f Ticaret Bakan\u0131 Muhammed Samir Halil, Uluslararas\u0131 \u0130\u015fbirli\u011fi ve Planlama Kurumu Genel M\u00fcd\u00fcr\u00fc \u0130mad Sabuni ve Suriye Yat\u0131r\u0131m Kurumu Genel M\u00fcd\u00fcr\u00fc \u0130nas el Emevi ulusal ekonomiye destek ve katk\u0131 sa\u011flayacak t\u00fcm yat\u0131r\u0131m projeleri hayata ge\u00e7irme \u00e7abalar\u0131n\u0131 masaya yat\u0131rd\u0131lar.<\/p>\n<p><a href=\"http:\/\/www.sana.sy\/tr\/wp-content\/uploads\/2017\/07\/0-14.jpg\"><img loading=\"lazy\" decoding=\"async\" class=\"alignright wp-image-119109 size-medium\" src=\"http:\/\/www.sana.sy\/tr\/wp-content\/uploads\/2017\/07\/0-14-300x168.jpg\" alt=\"\" width=\"300\" height=\"168\" srcset=\"https:\/\/archive.sana.sy\/tr\/wp-content\/uploads\/2017\/07\/0-14-300x168.jpg 300w, https:\/\/archive.sana.sy\/tr\/wp-content\/uploads\/2017\/07\/0-14-150x84.jpg 150w, https:\/\/archive.sana.sy\/tr\/wp-content\/uploads\/2017\/07\/0-14.jpg 660w\" sizes=\"auto, (max-width: 300px) 100vw, 300px\" \/><\/a>Turizm Bakanl\u0131\u011f\u0131nda d\u00fczenlenen toplant\u0131da 1. Yat\u0131r\u0131m Forumunda sa\u011flanan sonu\u00e7lar\u0131n \u00f6nemine dikkat \u00e7ekilirken, kararla\u015ft\u0131r\u0131lan projelerin hayata ge\u00e7irilmesi ve muhtelif alanlarda yat\u0131r\u0131mc\u0131 ve i\u015fadamlar\u0131na gereken kolayl\u0131k ve deste\u011fin temin edilmesi \u00f6neminin alt\u0131 \u00e7izildi.<\/p>\n<p>Muhtelif illerde yat\u0131r\u0131m alanlar\u0131nda uzman \u00e7al\u0131\u015ftaylar\u0131n kurulmas\u0131 karar\u0131 al\u0131nan toplant\u0131da; yat\u0131r\u0131m projelerinin yurti\u00e7i ve yurtd\u0131\u015f\u0131nda uygun bir \u015fekilde tan\u0131t\u0131lmas\u0131 \u00f6neminin alt\u0131 \u00e7izildi.<\/p>\n<p>Toplant\u0131ya turizm ve tar\u0131m odalar\u0131n\u0131n yan\u0131 s\u0131ra esnaf ve zanaatkarlar odas\u0131 ba\u015fkanlar\u0131 kat\u0131ld\u0131lar.<\/p>\n","protected":false},"excerpt":{"rendered":"<p>\u015eAM \u2013 Bu ay\u0131n ba\u015flar\u0131nda \u2018Suriye Gelece\u011fe Do\u011fru\u2019 slogan\u0131 alt\u0131nda d\u00fczenlenen 1. Yat\u0131r\u0131m Formu \u00e7al\u0131\u015fmalar\u0131n\u0131n sonu\u00e7lar\u0131 kapsam\u0131nda Turizm Bakan\u0131 Bu\u015fr el Yaz\u0131c\u0131, Ekonomi ve D\u0131\u015f Ticaret Bakan\u0131 Muhammed Samir Halil, Uluslararas\u0131 \u0130\u015fbirli\u011fi ve Planlama Kurumu Genel M\u00fcd\u00fcr\u00fc \u0130mad Sabuni ve Suriye Yat\u0131r\u0131m Kurumu Genel M\u00fcd\u00fcr\u00fc \u0130nas el Emevi ulusal ekonomiye destek ve katk\u0131 sa\u011flayacak t\u00fcm &hellip;<\/p>\n","protected":false},"author":1,"featured_media":119110,"comment_status":"closed","ping_status":"closed","sticky":false,"template":"","format":"standard","meta":{"footnotes":""},"categories":[485,486,17988],"tags":[30960,6510,30961,30964,30706,30963,30612,30962],"class_list":["post-119107","post","type-post","status-publish","format-standard","has-post-thumbnail","","category-is-ve-sermaye","category-haberler-is-ve-sermaye","category-son-haberler","tag-1-yatirim-formu","tag-ekonomi-2","tag-ekonomi-ve-dis-ticaret-bakani-muhammed-samir-halil","tag-projelerin","tag-suriye-gelecege-dogru","tag-suriye-yatirim-kurumu-genel-muduru-inas-el-emevi","tag-turizm-bakani-busr-el-yazici","tag-uluslararasi-isbirligi-ve-planlama-kurumu-genel-muduru-imad-sabuni"],"_links":{"self":[{"href":"https:\/\/archive.sana.sy\/tr\/index.php?rest_route=\/wp\/v2\/posts\/119107","targetHints":{"allow":["GET"]}}],"collection":[{"href":"https:\/\/archive.sana.sy\/tr\/index.php?rest_route=\/wp\/v2\/posts"}],"about":[{"href":"https:\/\/archive.sana.sy\/tr\/index.php?rest_route=\/wp\/v2\/types\/post"}],"author":[{"embeddable":true,"href":"https:\/\/archive.sana.sy\/tr\/index.php?rest_route=\/wp\/v2\/users\/1"}],"replies":[{"embeddable":true,"href":"https:\/\/archive.sana.sy\/tr\/index.php?rest_route=%2Fwp%2Fv2%2Fcomments&post=119107"}],"version-history":[{"count":0,"href":"https:\/\/archive.sana.sy\/tr\/index.php?rest_route=\/wp\/v2\/posts\/119107\/revisions"}],"wp:featuredmedia":[{"embeddable":true,"href":"https:\/\/archive.sana.sy\/tr\/index.php?rest_route=\/wp\/v2\/media\/119110"}],"wp:attachment":[{"href":"https:\/\/archive.sana.sy\/tr\/index.php?rest_route=%2Fwp%2Fv2%2Fmedia&parent=119107"}],"wp:term":[{"taxonomy":"category","embeddable":true,"href":"https:\/\/archive.sana.sy\/tr\/index.php?rest_route=%2Fwp%2Fv2%2Fcategories&post=119107"},{"taxonomy":"post_tag","embeddable":true,"href":"https:\/\/archive.sana.sy\/tr\/index.php?rest_route=%2Fwp%2Fv2%2Ftags&post=119107"}],"curies":[{"name":"wp","href":"https:\/\/api.w.org\/{rel}","templated":true}]}}