{"id":119200,"date":"2017-07-14T13:00:20","date_gmt":"2017-07-14T10:00:20","guid":{"rendered":"http:\/\/www.sana.sy\/tr\/?p=119200"},"modified":"2017-07-15T19:36:28","modified_gmt":"2017-07-15T16:36:28","slug":"devletin-temel-pusulasi-vatandastir","status":"publish","type":"post","link":"https:\/\/archive.sana.sy\/tr\/?p=119200","title":{"rendered":"Devletin Temel Pusulas\u0131 Vatanda\u015ft\u0131r"},"content":{"rendered":"<p>\u015eAM \u2013 Ekonomi ve D\u0131\u015f Ticaret Bakan\u0131 Samir Halil bakanl\u0131\u011fa tabi t\u00fcm kurum ve dairelerin genel m\u00fcd\u00fcrleri ile d\u00fczenledi\u011fi toplant\u0131da, Cumhurba\u015fkan\u0131 Be\u015f\u015far el Esad\u2019\u0131n bir s\u00fcre \u00f6nce start\u0131n\u0131 yapt\u0131\u011f\u0131 Ulusal \u0130dari Reform Projesinin ayr\u0131nt\u0131lar\u0131 ve hayata ge\u00e7irilmesi meselesini masaya yat\u0131rd\u0131.<\/p>\n<p>Bakanl\u0131k binas\u0131nda d\u00fczenlenen toplant\u0131da Bakan Halil; yolsuzluk ve torpile son verilmesinin yan\u0131 s\u0131ra vatanda\u015flar\u0131n i\u015flemlerini kolayla\u015ft\u0131rma, sosyal adalet ve Suriye halk\u0131n\u0131n ya\u015fam ko\u015fullar\u0131n\u0131 iyile\u015ftirme a\u00e7\u0131s\u0131ndan bu projenin \u00f6nemine dikkat \u00e7ekti.<\/p>\n<p>Bakan Halil projede vatanda\u015f\u0131n, devletin temel pusulas\u0131n\u0131 olu\u015fturdu\u011funa vurgu yaparken, toplant\u0131 kat\u0131l\u0131mc\u0131lar\u0131n\u0131n projeye ili\u015fkin g\u00f6r\u00fc\u015f ve d\u00fc\u015f\u00fcncelerini dinledi.<\/p>\n<p>Ulusal \u0130dari Reform Projesi kapsam\u0131nda \u00e7al\u0131\u015fmalar\u0131n\u0131 geli\u015ftirme ve projenin hayata ge\u00e7irilmesi i\u00e7in etkin mekanizmalar haz\u0131rlama y\u00f6nlendirmelerinde bulunan Bakan Halil; bu projenin temel ta\u015f\u0131n\u0131n vatanda\u015flar olmas\u0131 itibar\u0131yla onlar\u0131n ya\u015fam ko\u015fullar\u0131n\u0131 iyile\u015ftirme \u00e7abalar\u0131n\u0131 yo\u011funla\u015ft\u0131rma \u00f6nemini kaydetti.<\/p>\n","protected":false},"excerpt":{"rendered":"<p>\u015eAM \u2013 Ekonomi ve D\u0131\u015f Ticaret Bakan\u0131 Samir Halil bakanl\u0131\u011fa tabi t\u00fcm kurum ve dairelerin genel m\u00fcd\u00fcrleri ile d\u00fczenledi\u011fi toplant\u0131da, Cumhurba\u015fkan\u0131 Be\u015f\u015far el Esad\u2019\u0131n bir s\u00fcre \u00f6nce start\u0131n\u0131 yapt\u0131\u011f\u0131 Ulusal \u0130dari Reform Projesinin ayr\u0131nt\u0131lar\u0131 ve hayata ge\u00e7irilmesi meselesini masaya yat\u0131rd\u0131. Bakanl\u0131k binas\u0131nda d\u00fczenlenen toplant\u0131da Bakan Halil; yolsuzluk ve torpile son verilmesinin yan\u0131 s\u0131ra vatanda\u015flar\u0131n i\u015flemlerini &hellip;<\/p>\n","protected":false},"author":1,"featured_media":119201,"comment_status":"closed","ping_status":"closed","sticky":false,"template":"","format":"standard","meta":{"footnotes":""},"categories":[485,486,17988],"tags":[16402,6510,31000,30333],"class_list":["post-119200","post","type-post","status-publish","format-standard","has-post-thumbnail","","category-is-ve-sermaye","category-haberler-is-ve-sermaye","category-son-haberler","tag-cumhurbaskani-bessar-el-esad","tag-ekonomi-2","tag-ekonomi-ve-dis-ticaret-bakani-samir-hali","tag-ulusal-idari-reform-projesinin"],"_links":{"self":[{"href":"https:\/\/archive.sana.sy\/tr\/index.php?rest_route=\/wp\/v2\/posts\/119200","targetHints":{"allow":["GET"]}}],"collection":[{"href":"https:\/\/archive.sana.sy\/tr\/index.php?rest_route=\/wp\/v2\/posts"}],"about":[{"href":"https:\/\/archive.sana.sy\/tr\/index.php?rest_route=\/wp\/v2\/types\/post"}],"author":[{"embeddable":true,"href":"https:\/\/archive.sana.sy\/tr\/index.php?rest_route=\/wp\/v2\/users\/1"}],"replies":[{"embeddable":true,"href":"https:\/\/archive.sana.sy\/tr\/index.php?rest_route=%2Fwp%2Fv2%2Fcomments&post=119200"}],"version-history":[{"count":0,"href":"https:\/\/archive.sana.sy\/tr\/index.php?rest_route=\/wp\/v2\/posts\/119200\/revisions"}],"wp:featuredmedia":[{"embeddable":true,"href":"https:\/\/archive.sana.sy\/tr\/index.php?rest_route=\/wp\/v2\/media\/119201"}],"wp:attachment":[{"href":"https:\/\/archive.sana.sy\/tr\/index.php?rest_route=%2Fwp%2Fv2%2Fmedia&parent=119200"}],"wp:term":[{"taxonomy":"category","embeddable":true,"href":"https:\/\/archive.sana.sy\/tr\/index.php?rest_route=%2Fwp%2Fv2%2Fcategories&post=119200"},{"taxonomy":"post_tag","embeddable":true,"href":"https:\/\/archive.sana.sy\/tr\/index.php?rest_route=%2Fwp%2Fv2%2Ftags&post=119200"}],"curies":[{"name":"wp","href":"https:\/\/api.w.org\/{rel}","templated":true}]}}