{"id":11925,"date":"2014-10-01T18:00:00","date_gmt":"2014-10-01T15:00:00","guid":{"rendered":"http:\/\/www.sana.sy\/tr\/?p=11925"},"modified":"2014-10-02T13:22:07","modified_gmt":"2014-10-02T10:22:07","slug":"ordunun-buyuk-ilerlemeleri-onunde-teroristlerin-agir-kayiplari-suruyor","status":"publish","type":"post","link":"https:\/\/archive.sana.sy\/tr\/?p=11925","title":{"rendered":"Ordunun B\u00fcy\u00fck \u0130lerlemeleri \u00d6n\u00fcnde Ter\u00f6ristlerin A\u011f\u0131r Kay\u0131plar\u0131 S\u00fcr\u00fcyor"},"content":{"rendered":"<p>\u0130LLER \u2013 Ter\u00f6rle m\u00fccadele operasyonlar\u0131nda muhtelif b\u00f6lgelerde ilerlemelerini s\u00fcrd\u00fcren kahraman ordu birliklerimiz, \u00e7ok say\u0131da ter\u00f6risti \u00f6l\u00fc ve yaral\u0131 d\u00fc\u015f\u00fcrerek ellerindeki silah, cephane ve su\u00e7 edatlar\u0131n\u0131 imha ediyor.<\/p>\n<p><span style=\"color: #0000ff\">\u0130dlib K\u0131rsal\u0131nda Ter\u00f6rist Toplanma Merkezleri Hedef Al\u0131nd\u0131<\/span><\/p>\n<p>Askeri kaynak, ordu birliklerimizin \u0130dlib k\u0131rsal\u0131 el \u015eu\u011fur Beldesi \u00e7evresi, Kefarnecd, Kefarlata, Cebel el Arbain, Nahle, Beyt el Sini, Rami ve Mantaf\u2019ta ter\u00f6ristlerin toplanma merkezlerini hedef almalar\u0131 sonucunda \u00e7ok say\u0131da ter\u00f6risti \u00f6ld\u00fcrd\u00fcklerini, a\u011f\u0131r makineli silahla donan\u0131ml\u0131 bir ara\u00e7lar\u0131 ile bir anti z\u0131rh bataryalar\u0131n\u0131 imha ettiklerini s\u00f6yledi.<\/p>\n<p>Kaynak, El \u015eu\u011fur Beldesi \u00e7evresinde \u00f6len ter\u00f6ristler aras\u0131nda Yunus Muhammed el Asaad, Haldun Abu Kudeyr ve Said el Yusuf\u2019un bulundu\u011funu belirtti.<\/p>\n<p><span style=\"color: #0000ff\">Homs K\u0131rsal\u0131 Resten G\u00f6l\u00fcnde Bir Ka\u00e7 Tekneyi \u0130mha Etti<\/span><\/p>\n<p>Askeri kaynak, ordu birliklerimizin Homs k\u0131rsal\u0131 Resten g\u00f6l\u00fcnde i\u00e7indeki ter\u00f6ristlerle birlikte bir ka\u00e7 tekneyi etkisiz hale getirdi\u011fini, el Vaar, Semalil, Hule Deyr Salem ve Um \u015eer\u015fuh Hilaliye Mezras\u0131nda \u00e7ok say\u0131da ter\u00f6risti \u00f6ld\u00fcrd\u00fcklerini s\u00f6yledi.<\/p>\n<p><span style=\"color: #0000ff\">Lazkiye Kuzey K\u0131rsal\u0131nda Ter\u00f6ristlerin Toplanma Merkezleri Hedef Al\u0131nd\u0131<\/span><\/p>\n<p>Askeri kaynak, ordu birliklerimizin Lazkiye kuzey k\u0131rsal\u0131n\u0131n Kedin, Selma, Dorin, Mu\u011feyriye ve Tertiyah\u2019ta ter\u00f6ristlerin toplanma merkezlerini hedef almalar\u0131 sonucunda \u00e7ok say\u0131da ter\u00f6risti \u00f6l\u00fc ve yaral\u0131 d\u00fc\u015f\u00fcrd\u00fcklerini, a\u011f\u0131r taramal\u0131 silahlarla donan\u0131ml\u0131 bir ka\u00e7 ara\u00e7lar\u0131n\u0131 da imha ettiklerini s\u00f6yledi.<\/p>\n<p><span style=\"color: #0000ff\">Hama K\u0131rsal\u0131nda Bir K\u00f6y Ordunun Kontrol\u00fcnde<\/span><\/p>\n<p>Askeri kaynak, ordu birliklerimizin Hama k\u0131rsal\u0131 Morik g\u00fcneyinde olan Masasina K\u00f6y\u00fcn\u00fc kontrol\u00fc alt\u0131na ald\u0131\u011f\u0131n\u0131, \u00e7ok say\u0131da ter\u00f6risti \u00f6l\u00fc ve yaral\u0131 d\u00fc\u015f\u00fcrerek ara\u00e7lar\u0131n\u0131 imha ettiklerini s\u00f6yledi.<\/p>\n<p><span style=\"color: #0000ff\">Dera \u015eeyh Miskin Kentine S\u0131zma Giri\u015fimi Suya D\u00fc\u015ft\u00fc<\/span><\/p>\n<p>Dera k\u0131rsal\u0131nda ordu birliklerimiz ter\u00f6rist \u00e7etelerin \u015eeyh Miskin Kentine s\u0131zma giri\u015fimini p\u00fcsk\u00fcrt\u00fcp \u00e7ok say\u0131da ter\u00f6risti \u00f6l\u00fc ve yaral\u0131 d\u00fc\u015f\u00fcrd\u00fc.<\/p>\n<p>Dera \u0130linde bir kaynak SANA\u2019ya yapt\u0131\u011f\u0131 a\u00e7\u0131klamada ter\u00f6rist Seyfettin Halit el D\u00fcveyri\u2019nin liderli\u011finde bir \u00e7etenin \u015eeyh Miskin Kentine do\u011fal gaz hatt\u0131 \u00fczerinden s\u0131zmaya \u00e7al\u0131\u015ft\u0131\u011f\u0131n\u0131, ama \u00e7ete \u00fcyelerinin \u00e7o\u011funun \u00f6l\u00fc ve yaral\u0131 d\u00fc\u015ft\u00fc\u011f\u00fcn\u00fc ifade etti.<\/p>\n<p>\u00d6len ter\u00f6ristlerin aras\u0131nda Alaa Muhammed Cuma el \u015eelh\u00fcb ile Muhammed Halit el avad adl\u0131 iki ter\u00f6ristin yer ald\u0131klar\u0131 bildirildi.<\/p>\n<p>\u00d6te yandan askeri bir kaynak , ordu birliklerimizin Dera k\u0131rsal\u0131 Busra el \u015eam, Ataman\u2019\u0131n bat\u0131s\u0131nda el Maasara, Hirak ve Yaduda Beldesinin g\u00fcney do\u011fusunda ter\u00f6ristlerin toplanma merkezlerini hedef almalar\u0131 sonucunda \u00e7ok say\u0131da ter\u00f6risti \u00f6l\u00fc ve yaral\u0131 d\u00fc\u015f\u00fcrd\u00fcklerini Naime Beldesinde de ter\u00f6ristlerin \u00e7irkin emelleri u\u011fruna kulland\u0131klar\u0131 bir dozeri imha ettiklerini s\u00f6yledi.<\/p>\n<p>Ordu birliklerimiz, ter\u00f6ristlerin Dera Kentinde eski g\u00fcmr\u00fck komutanl\u0131\u011f\u0131 ve Ebazid su deposu taraf\u0131ndan Men\u015fiyye Semtine s\u0131zma giri\u015fimini p\u00fcsk\u00fcrt\u00fcp \u00e7ok say\u0131da ter\u00f6risti \u00f6l\u00fc ve yaral\u0131 d\u00fc\u015f\u00fcrd\u00fc.<\/p>\n<p>Kaynak ordu birliklerimizin Dera k\u0131rsal\u0131nda Deyrelades, Kefr Nasec, Tel el Ulakiyye, Tel Antar, Otman bat\u0131s\u0131nda ya\u011f fabrikas\u0131 g\u00fcneyin ve Otman-Taf yolu \u00fczerinde geni\u015f operasyonlar d\u00fczenleyip \u00e7ok say\u0131da ter\u00f6risti \u00f6l\u00fc ve yaral\u0131 d\u00fc\u015f\u00fcrd\u00fc\u011f\u00fcn\u00fc bildirdi.<\/p>\n<p><span style=\"color: #0000ff\">Kunaytra k\u0131rsal\u0131nda \u00c7ok Say\u0131da Ter\u00f6rist \u00d6l\u00fc ve Yaral\u0131 D\u00fc\u015f\u00fcr\u00fcld\u00fc<\/span><\/p>\n<p>Askeri kaynak, ordu birliklerimizin Kunaytra k\u0131rsal\u0131 Bat\u0131 Samadaniye\u2019de \u00e7ok say\u0131da ter\u00f6risti \u00f6l\u00fc ve yaral\u0131 d\u00fc\u015f\u00fcrd\u00fcklerini ifade etti.<\/p>\n<p>Ordu birliklerimiz, Kunaytra k\u0131rsal\u0131nda Meshara Beldesinin bat\u0131s\u0131nda ter\u00f6ristlerin bir konvoyunu hedef al\u0131p ve \u00dcm Bat\u0131na beldesinde d\u00fczeneklerini yok edip \u00e7ok say\u0131da ter\u00f6risti \u00f6l\u00fc ve yaral\u0131 d\u00fc\u015f\u00fcrd\u00fc.<\/p>\n<p><span style=\"color: #0000ff\">Deyrezzor\u2019da \u0130ki Karargahlar\u0131 Muhtevalar\u0131yla \u0130mha Edildi<\/span><\/p>\n<p>Ordu birliklerimiz Deyrezzor Kentinin el Rediysat Caddesinde Irak ve \u015eam \u0130slami Devleti I\u015e\u0130D\u2019e ait bir karargah\u0131 muhtevalar\u0131yla imha ettiklerini s\u00f6yledi.<\/p>\n<p>Deyrezzor Valili\u011finde bir kaynak ordu birliklerimizin ayn\u0131 zamanda Deyrezzor Kentinin Tekaya ve Huveycat Sakr caddelerinde I\u015e\u0130D ter\u00f6ristlerinin k\u00fcmelenme yerlerini hedef alarak \u00e7ok say\u0131da ter\u00f6risti \u00f6l\u00fc yaral\u0131 d\u00fc\u015f\u00fcrd\u00fcklerini aktard\u0131.<\/p>\n<p>&nbsp;<\/p>\n","protected":false},"excerpt":{"rendered":"<p>\u0130LLER \u2013 Ter\u00f6rle m\u00fccadele operasyonlar\u0131nda muhtelif b\u00f6lgelerde ilerlemelerini s\u00fcrd\u00fcren kahraman ordu birliklerimiz, \u00e7ok say\u0131da ter\u00f6risti \u00f6l\u00fc ve yaral\u0131 d\u00fc\u015f\u00fcrerek ellerindeki silah, cephane ve su\u00e7 edatlar\u0131n\u0131 imha ediyor. \u0130dlib K\u0131rsal\u0131nda Ter\u00f6rist Toplanma Merkezleri Hedef Al\u0131nd\u0131 Askeri kaynak, ordu birliklerimizin \u0130dlib k\u0131rsal\u0131 el \u015eu\u011fur Beldesi \u00e7evresi, Kefarnecd, Kefarlata, Cebel el Arbain, Nahle, Beyt el Sini, Rami ve &hellip;<\/p>\n","protected":false},"author":1,"featured_media":11926,"comment_status":"closed","ping_status":"closed","sticky":false,"template":"","format":"standard","meta":{"footnotes":""},"categories":[575],"tags":[2929],"class_list":["post-11925","post","type-post","status-publish","format-standard","has-post-thumbnail","","category-olaylar-ve-gercekler","tag-ordunun-buyuk-ilerlemeleri-onunde-teroristlerin-agir-kayiplari-suruyor"],"_links":{"self":[{"href":"https:\/\/archive.sana.sy\/tr\/index.php?rest_route=\/wp\/v2\/posts\/11925","targetHints":{"allow":["GET"]}}],"collection":[{"href":"https:\/\/archive.sana.sy\/tr\/index.php?rest_route=\/wp\/v2\/posts"}],"about":[{"href":"https:\/\/archive.sana.sy\/tr\/index.php?rest_route=\/wp\/v2\/types\/post"}],"author":[{"embeddable":true,"href":"https:\/\/archive.sana.sy\/tr\/index.php?rest_route=\/wp\/v2\/users\/1"}],"replies":[{"embeddable":true,"href":"https:\/\/archive.sana.sy\/tr\/index.php?rest_route=%2Fwp%2Fv2%2Fcomments&post=11925"}],"version-history":[{"count":0,"href":"https:\/\/archive.sana.sy\/tr\/index.php?rest_route=\/wp\/v2\/posts\/11925\/revisions"}],"wp:featuredmedia":[{"embeddable":true,"href":"https:\/\/archive.sana.sy\/tr\/index.php?rest_route=\/wp\/v2\/media\/11926"}],"wp:attachment":[{"href":"https:\/\/archive.sana.sy\/tr\/index.php?rest_route=%2Fwp%2Fv2%2Fmedia&parent=11925"}],"wp:term":[{"taxonomy":"category","embeddable":true,"href":"https:\/\/archive.sana.sy\/tr\/index.php?rest_route=%2Fwp%2Fv2%2Fcategories&post=11925"},{"taxonomy":"post_tag","embeddable":true,"href":"https:\/\/archive.sana.sy\/tr\/index.php?rest_route=%2Fwp%2Fv2%2Ftags&post=11925"}],"curies":[{"name":"wp","href":"https:\/\/api.w.org\/{rel}","templated":true}]}}